{"id":2330,"date":"2024-08-24T08:24:41","date_gmt":"2024-08-24T06:24:41","guid":{"rendered":"https:\/\/cemondeblog.wordpress.com\/?p=2330"},"modified":"2024-08-24T08:24:41","modified_gmt":"2024-08-24T06:24:41","slug":"dialogue-un-exemple-libanais","status":"publish","type":"post","link":"https:\/\/asimon.eu\/blog\/religion\/dialogue-un-exemple-libanais\/","title":{"rendered":"Dialogue: un exemple libanais &#8230;"},"content":{"rendered":"\n<figure class=\"wp-block-image\"><a href=\"https:\/\/landsofexile.wordpress.com\/2016\/04\/18\/dialogue-extremism\/\"><img data-recalc-dims=\"1\" decoding=\"async\" src=\"https:\/\/landsofexile.files.wordpress.com\/2016\/04\/fullsizerender-1.jpg?w=843&#038;quality=80&#038;strip=info\" alt=\"Dialogue\"\/><\/a><\/figure>\n\n\n\n<blockquote class=\"wp-block-quote is-layout-flow wp-block-quote-is-layout-flow\">\n<p>Le r\u00f4le du Dialogue face \u00e0 l\u2019exclusivit\u00e9 des discours religieux et la mont\u00e9e des extr\u00e9mismes \/ The role of Dialogue in confronting exclusive religious speeches and rise of&nbsp;extremism<\/p>\n<\/blockquote>\n\n\n\n<p>Lire l&rsquo;article de Margot Hardy: <a href=\"https:\/\/landsofexile.wordpress.com\/2016\/04\/18\/dialogue-extremism\/\">Dialogue &amp;&nbsp;Extremism \u2014 Lands of Exile<\/a><\/p>\n","protected":false},"excerpt":{"rendered":"<p>Originally posted 2016-04-22 11:09:59<\/p>\n<p>&#8230; dont nous pourrions peut-\u00eatre nous inspirer ?<\/p>\n","protected":false},"author":1,"featured_media":0,"comment_status":"open","ping_status":"open","sticky":false,"template":"","format":"standard","meta":{"_uag_custom_page_level_css":"","_lmt_disableupdate":"no","_lmt_disable":"no","h5ap_radio_sources":[],"jetpack_post_was_ever_published":false,"_jetpack_newsletter_access":"","_jetpack_dont_email_post_to_subs":false,"_jetpack_newsletter_tier_id":0,"_jetpack_memberships_contains_paywalled_content":false,"_jetpack_memberships_contains_paid_content":false,"footnotes":"","jetpack_publicize_message":"","jetpack_publicize_feature_enabled":true,"jetpack_social_post_already_shared":true,"jetpack_social_options":{"image_generator_settings":{"template":"highway","default_image_id":0,"font":"","enabled":false},"version":2}},"categories":[57],"tags":[131,48],"class_list":["post-2330","post","type-post","status-publish","format-standard","hentry","category-religion","tag-liban","tag-societe"],"featured_image_urls_v2":{"full":"","thumbnail":"","medium":"","medium_large":"","large":"","gs-tiny":"","xl":"","xxl":"","xxxl":"","xxxxl":"","xxxxxl":"","1536x1536":"","2048x2048":"","mailpoet_newsletter_max":""},"post_excerpt_stackable_v2":"<p>Originally posted 2016-04-22 11:09:59<\/p>\n<p>&#8230; dont nous pourrions peut-\u00eatre nous inspirer ?<\/p>\n","category_list_v2":"<a href=\"https:\/\/asimon.eu\/blog\/category\/religion\/\" rel=\"category tag\">Religion<\/a>","author_info_v2":{"name":"Andr\u00e9","url":"https:\/\/asimon.eu\/blog\/author\/andre\/"},"comments_num_v2":"0 commentaire","yoast_head":"<!-- This site is optimized with the Yoast SEO plugin v27.5 - https:\/\/yoast.com\/product\/yoast-seo-wordpress\/ -->\n<title>Dialogue: un exemple libanais ... - Cemondeblog<\/title>\n<meta name=\"description\" content=\"Au Liban: le r\u00f4le du Dialogue face \u00e0 l\u2019exclusivit\u00e9 des discours religieux et la mont\u00e9e des extr\u00e9mismes. Un exemple ?\" \/>\n<meta name=\"robots\" content=\"index, follow, max-snippet:-1, max-image-preview:large, max-video-preview:-1\" \/>\n<link rel=\"canonical\" href=\"https:\/\/asimon.eu\/blog\/religion\/dialogue-un-exemple-libanais\/\" \/>\n<meta property=\"og:locale\" content=\"fr_FR\" \/>\n<meta property=\"og:type\" content=\"article\" \/>\n<meta property=\"og:title\" content=\"Dialogue: un exemple libanais ... - Cemondeblog\" \/>\n<meta property=\"og:description\" content=\"Au Liban: le r\u00f4le du Dialogue face \u00e0 l\u2019exclusivit\u00e9 des discours religieux et la mont\u00e9e des extr\u00e9mismes. Un exemple ?\" \/>\n<meta property=\"og:url\" content=\"https:\/\/asimon.eu\/blog\/religion\/dialogue-un-exemple-libanais\/\" \/>\n<meta property=\"og:site_name\" content=\"Cemondeblog\" \/>\n<meta property=\"article:published_time\" content=\"2024-08-24T06:24:41+00:00\" \/>\n<meta property=\"og:image\" content=\"https:\/\/landsofexile.files.wordpress.com\/2016\/04\/fullsizerender-1.jpg?w=720&amp;quality=80&amp;strip=info\" \/>\n<meta name=\"author\" content=\"Andr\u00e9\" \/>\n<meta name=\"twitter:card\" content=\"summary_large_image\" \/>\n<meta name=\"twitter:creator\" content=\"@olrik16\" \/>\n<meta name=\"twitter:site\" content=\"@olrik16\" \/>\n<meta name=\"twitter:label1\" content=\"\u00c9crit par\" \/>\n\t<meta name=\"twitter:data1\" content=\"Andr\u00e9\" \/>\n\t<meta name=\"twitter:label2\" content=\"Dur\u00e9e de lecture estim\u00e9e\" \/>\n\t<meta name=\"twitter:data2\" content=\"1 minute\" \/>\n<script type=\"application\/ld+json\" class=\"yoast-schema-graph\">{\"@context\":\"https:\\\/\\\/schema.org\",\"@graph\":[{\"@type\":\"Article\",\"@id\":\"https:\\\/\\\/asimon.eu\\\/blog\\\/religion\\\/dialogue-un-exemple-libanais\\\/#article\",\"isPartOf\":{\"@id\":\"https:\\\/\\\/asimon.eu\\\/blog\\\/religion\\\/dialogue-un-exemple-libanais\\\/\"},\"author\":{\"name\":\"Andr\u00e9\",\"@id\":\"https:\\\/\\\/asimon.eu\\\/blog\\\/#\\\/schema\\\/person\\\/4aef5843155766a51be733fbdace4241\"},\"headline\":\"Dialogue: un exemple libanais &#8230;\",\"datePublished\":\"2024-08-24T06:24:41+00:00\",\"mainEntityOfPage\":{\"@id\":\"https:\\\/\\\/asimon.eu\\\/blog\\\/religion\\\/dialogue-un-exemple-libanais\\\/\"},\"wordCount\":49,\"commentCount\":0,\"publisher\":{\"@id\":\"https:\\\/\\\/asimon.eu\\\/blog\\\/#\\\/schema\\\/person\\\/4aef5843155766a51be733fbdace4241\"},\"image\":{\"@id\":\"https:\\\/\\\/asimon.eu\\\/blog\\\/religion\\\/dialogue-un-exemple-libanais\\\/#primaryimage\"},\"thumbnailUrl\":\"https:\\\/\\\/landsofexile.files.wordpress.com\\\/2016\\\/04\\\/fullsizerender-1.jpg?w=720&amp;quality=80&amp;strip=info\",\"keywords\":[\"Liban\",\"Soci\u00e9t\u00e9\"],\"articleSection\":[\"Religion\"],\"inLanguage\":\"fr-FR\",\"potentialAction\":[{\"@type\":\"CommentAction\",\"name\":\"Comment\",\"target\":[\"https:\\\/\\\/asimon.eu\\\/blog\\\/religion\\\/dialogue-un-exemple-libanais\\\/#respond\"]}]},{\"@type\":\"WebPage\",\"@id\":\"https:\\\/\\\/asimon.eu\\\/blog\\\/religion\\\/dialogue-un-exemple-libanais\\\/\",\"url\":\"https:\\\/\\\/asimon.eu\\\/blog\\\/religion\\\/dialogue-un-exemple-libanais\\\/\",\"name\":\"Dialogue: un exemple libanais ... - Cemondeblog\",\"isPartOf\":{\"@id\":\"https:\\\/\\\/asimon.eu\\\/blog\\\/#website\"},\"primaryImageOfPage\":{\"@id\":\"https:\\\/\\\/asimon.eu\\\/blog\\\/religion\\\/dialogue-un-exemple-libanais\\\/#primaryimage\"},\"image\":{\"@id\":\"https:\\\/\\\/asimon.eu\\\/blog\\\/religion\\\/dialogue-un-exemple-libanais\\\/#primaryimage\"},\"thumbnailUrl\":\"https:\\\/\\\/landsofexile.files.wordpress.com\\\/2016\\\/04\\\/fullsizerender-1.jpg?w=720&amp;quality=80&amp;strip=info\",\"datePublished\":\"2024-08-24T06:24:41+00:00\",\"description\":\"Au Liban: le r\u00f4le du Dialogue face \u00e0 l\u2019exclusivit\u00e9 des discours religieux et la mont\u00e9e des extr\u00e9mismes. Un exemple ?\",\"breadcrumb\":{\"@id\":\"https:\\\/\\\/asimon.eu\\\/blog\\\/religion\\\/dialogue-un-exemple-libanais\\\/#breadcrumb\"},\"inLanguage\":\"fr-FR\",\"potentialAction\":[{\"@type\":\"ReadAction\",\"target\":[\"https:\\\/\\\/asimon.eu\\\/blog\\\/religion\\\/dialogue-un-exemple-libanais\\\/\"]}]},{\"@type\":\"ImageObject\",\"inLanguage\":\"fr-FR\",\"@id\":\"https:\\\/\\\/asimon.eu\\\/blog\\\/religion\\\/dialogue-un-exemple-libanais\\\/#primaryimage\",\"url\":\"https:\\\/\\\/landsofexile.files.wordpress.com\\\/2016\\\/04\\\/fullsizerender-1.jpg?w=720&amp;quality=80&amp;strip=info\",\"contentUrl\":\"https:\\\/\\\/landsofexile.files.wordpress.com\\\/2016\\\/04\\\/fullsizerender-1.jpg?w=720&amp;quality=80&amp;strip=info\"},{\"@type\":\"BreadcrumbList\",\"@id\":\"https:\\\/\\\/asimon.eu\\\/blog\\\/religion\\\/dialogue-un-exemple-libanais\\\/#breadcrumb\",\"itemListElement\":[{\"@type\":\"ListItem\",\"position\":1,\"name\":\"Accueil\",\"item\":\"https:\\\/\\\/asimon.eu\\\/blog\\\/\"},{\"@type\":\"ListItem\",\"position\":2,\"name\":\"Religion\",\"item\":\"https:\\\/\\\/asimon.eu\\\/blog\\\/category\\\/religion\\\/\"},{\"@type\":\"ListItem\",\"position\":3,\"name\":\"Dialogue: un exemple libanais &#8230;\"}]},{\"@type\":\"WebSite\",\"@id\":\"https:\\\/\\\/asimon.eu\\\/blog\\\/#website\",\"url\":\"https:\\\/\\\/asimon.eu\\\/blog\\\/\",\"name\":\"Cemondeblog\",\"description\":\"Ce monde o\u00f9 je vis, o\u00f9 nous vivons.\",\"publisher\":{\"@id\":\"https:\\\/\\\/asimon.eu\\\/blog\\\/#\\\/schema\\\/person\\\/4aef5843155766a51be733fbdace4241\"},\"potentialAction\":[{\"@type\":\"SearchAction\",\"target\":{\"@type\":\"EntryPoint\",\"urlTemplate\":\"https:\\\/\\\/asimon.eu\\\/blog\\\/?s={search_term_string}\"},\"query-input\":{\"@type\":\"PropertyValueSpecification\",\"valueRequired\":true,\"valueName\":\"search_term_string\"}}],\"inLanguage\":\"fr-FR\"},{\"@type\":[\"Person\",\"Organization\"],\"@id\":\"https:\\\/\\\/asimon.eu\\\/blog\\\/#\\\/schema\\\/person\\\/4aef5843155766a51be733fbdace4241\",\"name\":\"Andr\u00e9\",\"image\":{\"@type\":\"ImageObject\",\"inLanguage\":\"fr-FR\",\"@id\":\"https:\\\/\\\/i0.wp.com\\\/asimon.eu\\\/blog\\\/wp-content\\\/uploads\\\/2019\\\/12\\\/cropped-rancheria-14.png?fit=1597%2C422&ssl=1\",\"url\":\"https:\\\/\\\/i0.wp.com\\\/asimon.eu\\\/blog\\\/wp-content\\\/uploads\\\/2019\\\/12\\\/cropped-rancheria-14.png?fit=1597%2C422&ssl=1\",\"contentUrl\":\"https:\\\/\\\/i0.wp.com\\\/asimon.eu\\\/blog\\\/wp-content\\\/uploads\\\/2019\\\/12\\\/cropped-rancheria-14.png?fit=1597%2C422&ssl=1\",\"width\":1597,\"height\":422,\"caption\":\"Andr\u00e9\"},\"logo\":{\"@id\":\"https:\\\/\\\/i0.wp.com\\\/asimon.eu\\\/blog\\\/wp-content\\\/uploads\\\/2019\\\/12\\\/cropped-rancheria-14.png?fit=1597%2C422&ssl=1\"},\"description\":\"Et la vie va ...\",\"sameAs\":[\"https:\\\/\\\/asimon.eu\"]}]}<\/script>\n<!-- \/ Yoast SEO plugin. -->","yoast_head_json":{"title":"Dialogue: un exemple libanais ... - Cemondeblog","description":"Au Liban: le r\u00f4le du Dialogue face \u00e0 l\u2019exclusivit\u00e9 des discours religieux et la mont\u00e9e des extr\u00e9mismes. Un exemple ?","robots":{"index":"index","follow":"follow","max-snippet":"max-snippet:-1","max-image-preview":"max-image-preview:large","max-video-preview":"max-video-preview:-1"},"canonical":"https:\/\/asimon.eu\/blog\/religion\/dialogue-un-exemple-libanais\/","og_locale":"fr_FR","og_type":"article","og_title":"Dialogue: un exemple libanais ... - Cemondeblog","og_description":"Au Liban: le r\u00f4le du Dialogue face \u00e0 l\u2019exclusivit\u00e9 des discours religieux et la mont\u00e9e des extr\u00e9mismes. Un exemple ?","og_url":"https:\/\/asimon.eu\/blog\/religion\/dialogue-un-exemple-libanais\/","og_site_name":"Cemondeblog","article_published_time":"2024-08-24T06:24:41+00:00","og_image":[{"url":"https:\/\/landsofexile.files.wordpress.com\/2016\/04\/fullsizerender-1.jpg?w=720&amp;quality=80&amp;strip=info","type":"","width":"","height":""}],"author":"Andr\u00e9","twitter_card":"summary_large_image","twitter_creator":"@olrik16","twitter_site":"@olrik16","twitter_misc":{"\u00c9crit par":"Andr\u00e9","Dur\u00e9e de lecture estim\u00e9e":"1 minute"},"schema":{"@context":"https:\/\/schema.org","@graph":[{"@type":"Article","@id":"https:\/\/asimon.eu\/blog\/religion\/dialogue-un-exemple-libanais\/#article","isPartOf":{"@id":"https:\/\/asimon.eu\/blog\/religion\/dialogue-un-exemple-libanais\/"},"author":{"name":"Andr\u00e9","@id":"https:\/\/asimon.eu\/blog\/#\/schema\/person\/4aef5843155766a51be733fbdace4241"},"headline":"Dialogue: un exemple libanais &#8230;","datePublished":"2024-08-24T06:24:41+00:00","mainEntityOfPage":{"@id":"https:\/\/asimon.eu\/blog\/religion\/dialogue-un-exemple-libanais\/"},"wordCount":49,"commentCount":0,"publisher":{"@id":"https:\/\/asimon.eu\/blog\/#\/schema\/person\/4aef5843155766a51be733fbdace4241"},"image":{"@id":"https:\/\/asimon.eu\/blog\/religion\/dialogue-un-exemple-libanais\/#primaryimage"},"thumbnailUrl":"https:\/\/landsofexile.files.wordpress.com\/2016\/04\/fullsizerender-1.jpg?w=720&amp;quality=80&amp;strip=info","keywords":["Liban","Soci\u00e9t\u00e9"],"articleSection":["Religion"],"inLanguage":"fr-FR","potentialAction":[{"@type":"CommentAction","name":"Comment","target":["https:\/\/asimon.eu\/blog\/religion\/dialogue-un-exemple-libanais\/#respond"]}]},{"@type":"WebPage","@id":"https:\/\/asimon.eu\/blog\/religion\/dialogue-un-exemple-libanais\/","url":"https:\/\/asimon.eu\/blog\/religion\/dialogue-un-exemple-libanais\/","name":"Dialogue: un exemple libanais ... - Cemondeblog","isPartOf":{"@id":"https:\/\/asimon.eu\/blog\/#website"},"primaryImageOfPage":{"@id":"https:\/\/asimon.eu\/blog\/religion\/dialogue-un-exemple-libanais\/#primaryimage"},"image":{"@id":"https:\/\/asimon.eu\/blog\/religion\/dialogue-un-exemple-libanais\/#primaryimage"},"thumbnailUrl":"https:\/\/landsofexile.files.wordpress.com\/2016\/04\/fullsizerender-1.jpg?w=720&amp;quality=80&amp;strip=info","datePublished":"2024-08-24T06:24:41+00:00","description":"Au Liban: le r\u00f4le du Dialogue face \u00e0 l\u2019exclusivit\u00e9 des discours religieux et la mont\u00e9e des extr\u00e9mismes. Un exemple ?","breadcrumb":{"@id":"https:\/\/asimon.eu\/blog\/religion\/dialogue-un-exemple-libanais\/#breadcrumb"},"inLanguage":"fr-FR","potentialAction":[{"@type":"ReadAction","target":["https:\/\/asimon.eu\/blog\/religion\/dialogue-un-exemple-libanais\/"]}]},{"@type":"ImageObject","inLanguage":"fr-FR","@id":"https:\/\/asimon.eu\/blog\/religion\/dialogue-un-exemple-libanais\/#primaryimage","url":"https:\/\/landsofexile.files.wordpress.com\/2016\/04\/fullsizerender-1.jpg?w=720&amp;quality=80&amp;strip=info","contentUrl":"https:\/\/landsofexile.files.wordpress.com\/2016\/04\/fullsizerender-1.jpg?w=720&amp;quality=80&amp;strip=info"},{"@type":"BreadcrumbList","@id":"https:\/\/asimon.eu\/blog\/religion\/dialogue-un-exemple-libanais\/#breadcrumb","itemListElement":[{"@type":"ListItem","position":1,"name":"Accueil","item":"https:\/\/asimon.eu\/blog\/"},{"@type":"ListItem","position":2,"name":"Religion","item":"https:\/\/asimon.eu\/blog\/category\/religion\/"},{"@type":"ListItem","position":3,"name":"Dialogue: un exemple libanais &#8230;"}]},{"@type":"WebSite","@id":"https:\/\/asimon.eu\/blog\/#website","url":"https:\/\/asimon.eu\/blog\/","name":"Cemondeblog","description":"Ce monde o\u00f9 je vis, o\u00f9 nous vivons.","publisher":{"@id":"https:\/\/asimon.eu\/blog\/#\/schema\/person\/4aef5843155766a51be733fbdace4241"},"potentialAction":[{"@type":"SearchAction","target":{"@type":"EntryPoint","urlTemplate":"https:\/\/asimon.eu\/blog\/?s={search_term_string}"},"query-input":{"@type":"PropertyValueSpecification","valueRequired":true,"valueName":"search_term_string"}}],"inLanguage":"fr-FR"},{"@type":["Person","Organization"],"@id":"https:\/\/asimon.eu\/blog\/#\/schema\/person\/4aef5843155766a51be733fbdace4241","name":"Andr\u00e9","image":{"@type":"ImageObject","inLanguage":"fr-FR","@id":"https:\/\/i0.wp.com\/asimon.eu\/blog\/wp-content\/uploads\/2019\/12\/cropped-rancheria-14.png?fit=1597%2C422&ssl=1","url":"https:\/\/i0.wp.com\/asimon.eu\/blog\/wp-content\/uploads\/2019\/12\/cropped-rancheria-14.png?fit=1597%2C422&ssl=1","contentUrl":"https:\/\/i0.wp.com\/asimon.eu\/blog\/wp-content\/uploads\/2019\/12\/cropped-rancheria-14.png?fit=1597%2C422&ssl=1","width":1597,"height":422,"caption":"Andr\u00e9"},"logo":{"@id":"https:\/\/i0.wp.com\/asimon.eu\/blog\/wp-content\/uploads\/2019\/12\/cropped-rancheria-14.png?fit=1597%2C422&ssl=1"},"description":"Et la vie va ...","sameAs":["https:\/\/asimon.eu"]}]}},"modified_by":"Andr\u00e9","jetpack_publicize_connections":[],"jetpack_featured_media_url":"","uagb_featured_image_src":{"full":false,"thumbnail":false,"medium":false,"medium_large":false,"large":false,"gs-tiny":false,"xl":false,"xxl":false,"xxxl":false,"xxxxl":false,"xxxxxl":false,"1536x1536":false,"2048x2048":false,"mailpoet_newsletter_max":false},"uagb_author_info":{"display_name":"Andr\u00e9","author_link":"https:\/\/asimon.eu\/blog\/author\/andre\/"},"uagb_comment_info":0,"uagb_excerpt":"Originally posted 2016-04-22 11:09:59 ... dont nous pourrions peut-\u00eatre nous inspirer ?","jetpack-related-posts":[{"id":40543,"url":"https:\/\/asimon.eu\/blog\/belgique\/mode-de-vie\/","url_meta":{"origin":2330,"position":0},"title":"Notre mode de vie &#8230;","author":"Andr\u00e9","date":"11 janvier 2025","format":false,"excerpt":"Quelle suffisance, quelle arrogance !","rel":"","context":"Dans &quot;Belgique&quot;","block_context":{"text":"Belgique","link":"https:\/\/asimon.eu\/blog\/category\/belgique\/"},"img":{"alt_text":"Mode de vie","src":"https:\/\/i0.wp.com\/asimon.eu\/blog\/wp-content\/uploads\/2017\/04\/mode_vie_3.jpg?fit=728%2C500&ssl=1&resize=350%2C200","width":350,"height":200,"srcset":"https:\/\/i0.wp.com\/asimon.eu\/blog\/wp-content\/uploads\/2017\/04\/mode_vie_3.jpg?fit=728%2C500&ssl=1&resize=350%2C200 1x, https:\/\/i0.wp.com\/asimon.eu\/blog\/wp-content\/uploads\/2017\/04\/mode_vie_3.jpg?fit=728%2C500&ssl=1&resize=525%2C300 1.5x, https:\/\/i0.wp.com\/asimon.eu\/blog\/wp-content\/uploads\/2017\/04\/mode_vie_3.jpg?fit=728%2C500&ssl=1&resize=700%2C400 2x"},"classes":[]},{"id":2802,"url":"https:\/\/asimon.eu\/blog\/societe\/des-gens-bien\/","url_meta":{"origin":2330,"position":1},"title":"Des gens bien.","author":"Andr\u00e9","date":"14 octobre 2024","format":false,"excerpt":"La petite pierre apport\u00e9e \u00e0 l\u2019\u00e9difice a un sens, la goutte d\u2019eau dans l\u2019oc\u00e9an n\u2019est pas perdue ...","rel":"","context":"Dans &quot;Soci\u00e9t\u00e9&quot;","block_context":{"text":"Soci\u00e9t\u00e9","link":"https:\/\/asimon.eu\/blog\/category\/societe\/"},"img":{"alt_text":"gens","src":"https:\/\/i0.wp.com\/asimon.eu\/blog\/wp-content\/uploads\/2016\/10\/demain-logo.jpg?fit=1000%2C289&ssl=1&resize=350%2C200","width":350,"height":200,"srcset":"https:\/\/i0.wp.com\/asimon.eu\/blog\/wp-content\/uploads\/2016\/10\/demain-logo.jpg?fit=1000%2C289&ssl=1&resize=350%2C200 1x, https:\/\/i0.wp.com\/asimon.eu\/blog\/wp-content\/uploads\/2016\/10\/demain-logo.jpg?fit=1000%2C289&ssl=1&resize=525%2C300 1.5x, https:\/\/i0.wp.com\/asimon.eu\/blog\/wp-content\/uploads\/2016\/10\/demain-logo.jpg?fit=1000%2C289&ssl=1&resize=700%2C400 2x"},"classes":[]},{"id":1771,"url":"https:\/\/asimon.eu\/blog\/reflexions\/le-poids-des-mots-2\/","url_meta":{"origin":2330,"position":2},"title":"Le poids des mots.","author":"Andr\u00e9","date":"17 juin 2024","format":false,"excerpt":"Originally posted 2016-03-30 15:16:38 Comme les actes, les mots d\u2019aujourd\u2019hui sont lourds ...","rel":"","context":"Dans &quot;R\u00e9flexions&quot;","block_context":{"text":"R\u00e9flexions","link":"https:\/\/asimon.eu\/blog\/category\/reflexions\/"},"img":{"alt_text":"agenda","src":"https:\/\/i0.wp.com\/asimon.eu\/blog\/wp-content\/uploads\/2016\/03\/mots.jpeg?fit=667%2C500&ssl=1&resize=350%2C200","width":350,"height":200,"srcset":"https:\/\/i0.wp.com\/asimon.eu\/blog\/wp-content\/uploads\/2016\/03\/mots.jpeg?fit=667%2C500&ssl=1&resize=350%2C200 1x, https:\/\/i0.wp.com\/asimon.eu\/blog\/wp-content\/uploads\/2016\/03\/mots.jpeg?fit=667%2C500&ssl=1&resize=525%2C300 1.5x"},"classes":[]},{"id":481884,"url":"https:\/\/asimon.eu\/blog\/poemes\/hotel-des-souvenirs\/","url_meta":{"origin":2330,"position":3},"title":"H\u00f4tel des souvenirs.","author":"Andr\u00e9","date":"12 mars 2024","format":false,"excerpt":"L'h\u00f4tel des souvenirs nous invite au voyage ...","rel":"","context":"Dans &quot;Blog&quot;","block_context":{"text":"Blog","link":"https:\/\/asimon.eu\/blog\/category\/blog\/"},"img":{"alt_text":"","src":"https:\/\/i0.wp.com\/asimon.eu\/blog\/wp-content\/uploads\/2022\/05\/Ibis_Bron.jpg?fit=600%2C800&ssl=1&resize=350%2C200","width":350,"height":200,"srcset":"https:\/\/i0.wp.com\/asimon.eu\/blog\/wp-content\/uploads\/2022\/05\/Ibis_Bron.jpg?fit=600%2C800&ssl=1&resize=350%2C200 1x, https:\/\/i0.wp.com\/asimon.eu\/blog\/wp-content\/uploads\/2022\/05\/Ibis_Bron.jpg?fit=600%2C800&ssl=1&resize=525%2C300 1.5x"},"classes":[]},{"id":190,"url":"https:\/\/asimon.eu\/blog\/poemes\/on-narrete-pas-les-nuages\/","url_meta":{"origin":2330,"position":4},"title":"On n&rsquo;arr\u00eate pas les nuages","author":"Andr\u00e9","date":"27 d\u00e9cembre 2025","format":false,"excerpt":". Gris et rose couleur de vies \u00e0 la d\u00e9rive rouge du sang et noir du deuil","rel":"","context":"Dans &quot;Blog&quot;","block_context":{"text":"Blog","link":"https:\/\/asimon.eu\/blog\/category\/blog\/"},"img":{"alt_text":"","src":"https:\/\/i0.wp.com\/asimon.eu\/blog\/wp-content\/uploads\/2020\/01\/sunset-2570443_1280.jpg?fit=1200%2C577&ssl=1&resize=350%2C200","width":350,"height":200,"srcset":"https:\/\/i0.wp.com\/asimon.eu\/blog\/wp-content\/uploads\/2020\/01\/sunset-2570443_1280.jpg?fit=1200%2C577&ssl=1&resize=350%2C200 1x, https:\/\/i0.wp.com\/asimon.eu\/blog\/wp-content\/uploads\/2020\/01\/sunset-2570443_1280.jpg?fit=1200%2C577&ssl=1&resize=525%2C300 1.5x, https:\/\/i0.wp.com\/asimon.eu\/blog\/wp-content\/uploads\/2020\/01\/sunset-2570443_1280.jpg?fit=1200%2C577&ssl=1&resize=700%2C400 2x, https:\/\/i0.wp.com\/asimon.eu\/blog\/wp-content\/uploads\/2020\/01\/sunset-2570443_1280.jpg?fit=1200%2C577&ssl=1&resize=1050%2C600 3x"},"classes":[]},{"id":482298,"url":"https:\/\/asimon.eu\/blog\/poemes\/libres\/","url_meta":{"origin":2330,"position":5},"title":"Libres.","author":"Andr\u00e9","date":"5 mai 2024","format":false,"excerpt":"Libres nous parlerons ...","rel":"","context":"Dans &quot;Blog&quot;","block_context":{"text":"Blog","link":"https:\/\/asimon.eu\/blog\/category\/blog\/"},"img":{"alt_text":"","src":"https:\/\/i0.wp.com\/asimon.eu\/blog\/wp-content\/uploads\/2022\/06\/ciel_soir.jpg?fit=800%2C600&ssl=1&resize=350%2C200","width":350,"height":200,"srcset":"https:\/\/i0.wp.com\/asimon.eu\/blog\/wp-content\/uploads\/2022\/06\/ciel_soir.jpg?fit=800%2C600&ssl=1&resize=350%2C200 1x, https:\/\/i0.wp.com\/asimon.eu\/blog\/wp-content\/uploads\/2022\/06\/ciel_soir.jpg?fit=800%2C600&ssl=1&resize=525%2C300 1.5x, https:\/\/i0.wp.com\/asimon.eu\/blog\/wp-content\/uploads\/2022\/06\/ciel_soir.jpg?fit=800%2C600&ssl=1&resize=700%2C400 2x"},"classes":[]}],"jetpack_shortlink":"https:\/\/wp.me\/p9rk1P-BA","jetpack_sharing_enabled":true,"jetpack_likes_enabled":true,"_links":{"self":[{"href":"https:\/\/asimon.eu\/blog\/wp-json\/wp\/v2\/posts\/2330","targetHints":{"allow":["GET"]}}],"collection":[{"href":"https:\/\/asimon.eu\/blog\/wp-json\/wp\/v2\/posts"}],"about":[{"href":"https:\/\/asimon.eu\/blog\/wp-json\/wp\/v2\/types\/post"}],"author":[{"embeddable":true,"href":"https:\/\/asimon.eu\/blog\/wp-json\/wp\/v2\/users\/1"}],"replies":[{"embeddable":true,"href":"https:\/\/asimon.eu\/blog\/wp-json\/wp\/v2\/comments?post=2330"}],"version-history":[{"count":3,"href":"https:\/\/asimon.eu\/blog\/wp-json\/wp\/v2\/posts\/2330\/revisions"}],"predecessor-version":[{"id":486738,"href":"https:\/\/asimon.eu\/blog\/wp-json\/wp\/v2\/posts\/2330\/revisions\/486738"}],"wp:attachment":[{"href":"https:\/\/asimon.eu\/blog\/wp-json\/wp\/v2\/media?parent=2330"}],"wp:term":[{"taxonomy":"category","embeddable":true,"href":"https:\/\/asimon.eu\/blog\/wp-json\/wp\/v2\/categories?post=2330"},{"taxonomy":"post_tag","embeddable":true,"href":"https:\/\/asimon.eu\/blog\/wp-json\/wp\/v2\/tags?post=2330"}],"curies":[{"name":"wp","href":"https:\/\/api.w.org\/{rel}","templated":true}]}}