{"id":273512,"date":"2024-02-16T04:31:03","date_gmt":"2024-02-16T03:31:03","guid":{"rendered":"https:\/\/cemondeblog.wordpress.com\/?p=482"},"modified":"2024-02-20T18:16:17","modified_gmt":"2024-02-20T17:16:17","slug":"danemark-vs-refugies-reponse","status":"publish","type":"post","link":"https:\/\/asimon.eu\/blog\/migrations\/danemark-vs-refugies-reponse\/","title":{"rendered":"Danemark vs r\u00e9fugi\u00e9s &#8230; r\u00e9ponse"},"content":{"rendered":"\n<p>Contre toute attente, j&rsquo;ai re\u00e7u cette r\u00e9ponse du Parlement Europ\u00e9en \u00e0 mon mail du mois de d\u00e9cembre mentionn\u00e9 dans le post <a href=\"https:\/\/asimon.eu\/blog\/migrations\/danemark-vs-refugies\/\" target=\"_blank\" rel=\"noopener noreferrer\">Danemark vs r\u00e9fugi\u00e9s<\/a> .<\/p>\n\n\n\n<p>Bien s\u00fbr, on peut toujours attendre plus, et mieux. Mais un Parlement qui prend la peine de r\u00e9pondre \u00e0 l&rsquo;interpellation d&rsquo;un simple citoyen est peut-\u00eatre encore porteur de quelque chose.<\/p>\n\n\n\n<p>M\u00eame si la r\u00e9ponse a \u00e9t\u00e9 provoqu\u00e9e par de multiples interpellations, et pas seulement de citoyens isol\u00e9s, le sentiment d&rsquo;avoir \u00e9t\u00e9 entendu est r\u00e9confortant.<\/p>\n\n\n\n<p>M\u00eame si le langage diplomatique cache mal une certaine impuissance, m\u00eame si la r\u00e9ponse est formul\u00e9e plus en termes juridiques que moraux, au moins l&rsquo;institution a eu une r\u00e9action. Tout espoir n&rsquo;est pas mort.<\/p>\n\n\n\n<p><em><span style=\"font-family: georgia, palatino, serif;\">A(2015)13677<\/span><\/em><br><em><span style=\"font-family: georgia, palatino, serif;\">CL\/rf<\/span><\/em><\/p>\n\n\n\n<p><em><span style=\"font-family: georgia, palatino, serif;\">Monsieur,<\/span><\/em><\/p>\n\n\n\n<p><em><span style=\"font-family: georgia, palatino, serif;\">Le Pr\u00e9sident du Parlement europ\u00e9en (PE), M. Martin Schulz, a bien re\u00e7u votre message \u00e9lectronique concernant le projet de loi danoise sur les demandeurs d&rsquo;asile.<\/span><\/em><br><em><span style=\"font-family: georgia, palatino, serif;\">L&rsquo;Unit\u00e9 Demandes d&rsquo;informations des citoyens du PE a \u00e9t\u00e9 charg\u00e9e de vous r\u00e9pondre. Nous vous remercions pour votre message et pour l\u2019int\u00e9r\u00eat que vous portez au Parlement.<\/span><\/em><br><em><span style=\"font-family: georgia, palatino, serif;\">Nous vous informons que la commission des libert\u00e9s civiles du Parlement europ\u00e9en a trait\u00e9 ce projet l\u00e9gislatif lors de la r\u00e9union qui s&rsquo;est d\u00e9roul\u00e9e lundi 25 janvier. Le d\u00e9bat s&rsquo;est tenu en pr\u00e9sence du ministre danois des affaires \u00e9trang\u00e8res, Kristian Jensen, et de la ministre en charge de l&rsquo;immigration, de l&rsquo;int\u00e9gration et du logement, Inger St\u00f8jberg.<\/span><\/em><br><em><span style=\"font-family: georgia, palatino, serif;\">Vous pouvez consulter les d\u00e9clarations des ministres du Danemark \u00e0 ce sujet, ainsi que les interventions des d\u00e9put\u00e9s europ\u00e9ens, en suivant les hyperliens disponibles dans le <a href=\"http:\/\/www.europarl.europa.eu\/news\/fr\/news-room\/20160125IPR11334\/D%C3%A9bat-sur-la-l%C3%A9gislation-danoise-relative-%C3%A0-l%27asile-et-aux-r%C3%A9fugi%C3%A9s\" target=\"_blank\" rel=\"noopener noreferrer\">communiqu\u00e9 de presse du Parlement du 25 janvier<\/a>. Si vous souhaitez consulter l&rsquo;ensemble du d\u00e9bat, vous pouvez y acc\u00e9der \u00e0 travers la <a href=\"http:\/\/www.europarl.europa.eu\/ep-live\/fr\/committees\/video?event=20160125-1500-COMMITTEE-LIBE\" target=\"_blank\" rel=\"noopener noreferrer\">section \u00ab\u00a0EPTV\u00a0\u00bb de la page web de cette institution<\/a>.<\/span><\/em><br><em><span style=\"font-family: georgia, palatino, serif;\">Par ailleurs, nous vous informons que le Parlement europ\u00e9en a soulign\u00e9 \u00e0 plusieurs reprises la n\u00e9cessit\u00e9 d\u2019une approche globale de l\u2019UE sur la question des migrations, notamment dans la <a href=\"http:\/\/www.europarl.europa.eu\/sides\/getDoc.do?pubRef=-\/\/EP\/\/TEXT+TA+P8-TA-2015-0317+0+DOC+XML+V0\/\/FR\" target=\"_blank\" rel=\"noopener noreferrer\">r\u00e9solution du Parlement europ\u00e9en du 10 septembre 2015 sur les migrations et les r\u00e9fugi\u00e9s<\/a> en Europe. De plus amples informations sont disponibles sur la page Internet th\u00e9matique du Parlement sur les r\u00e9fugi\u00e9s.<\/span><\/em><br><em><span style=\"font-family: georgia, palatino, serif;\">La guerre en Syrie, la crise des r\u00e9fugi\u00e9s et les probl\u00e8mes li\u00e9s ont \u00e9t\u00e9 abord\u00e9s dans plusieurs discours du Pr\u00e9sident Martin Schulz, disponibles sur la page web du Pr\u00e9sident du Parlement.<\/span><\/em><br><em><span style=\"font-family: georgia, palatino, serif;\">L\u2019UE est actuellement compos\u00e9e de 28 syst\u00e8mes nationaux diff\u00e9rents et ce sont les autorit\u00e9s nationales qui d\u00e9cident si l\u2019asile est accord\u00e9. L\u2019UE soutient les efforts des \u00c9tats membres dans le domaine de la migration et des affaires int\u00e9rieures par exemple dans le cadre du <span class=\"removed_link\" title=\"http:\/\/ec.europa.eu\/dgs\/home-affairs\/financing\/fundings\/migration-asylum-borders\/asylum-migration-integration-fund\/index_en.htm\">Fonds \u00abAsile, migration et int\u00e9gration\u00bb (AMIF)<\/span> et du Fonds pour la s\u00e9curit\u00e9 interne (ISF).<\/span><\/em><br><em><span style=\"font-family: georgia, palatino, serif;\">Le Parlement europ\u00e9en a appel\u00e9 \u00e0 une meilleure coordination des politiques de l\u2019UE et des \u00c9tats membres dans la lutte contre les causes profondes de la migration et insiste sur la n\u00e9cessit\u00e9 d\u2019une approche globale de l\u2019UE, qui renforcera la coh\u00e9rence de ses politiques int\u00e9rieures et ext\u00e9rieures et, en particulier, la politique \u00e9trang\u00e8re et de s\u00e9curit\u00e9 commune, la politique de d\u00e9veloppement et la politique migratoire.<\/span><\/em><br><em><span style=\"font-family: georgia, palatino, serif;\">Face \u00e0 la plus grande crise des r\u00e9fugi\u00e9s en Europe depuis la deuxi\u00e8me guerre mondiale, le Parlement europ\u00e9en a approuv\u00e9 deux mesures d&rsquo;urgence temporaires visant \u00e0 relocaliser 160000 demandeurs d&rsquo;asile dans l&rsquo;UE. Vous trouverez davantage d&rsquo;explications dans les communiqu\u00e9s de presse du PE du&nbsp; <a href=\"http:\/\/www.europarl.europa.eu\/news\/fr\/news-room\/content\/20150903IPR91518\/html\/R%C3%A9partition-des-demandeurs-d%27asile-adoption-des-premi%C3%A8res-mesures-d%27urgence\" target=\"_blank\" rel=\"noopener noreferrer\">9 septembre 2015<\/a> et du <a href=\"http:\/\/www.europarl.europa.eu\/news\/fr\/news-room\/content\/20150915IPR93259\/html\/Feu-vert-pour-relocaliser-120.000-demandeurs-d%27asile-suppl%C3%A9mentaires-dans-l%27UE\" target=\"_blank\" rel=\"noopener noreferrer\">17 septembre 2015<\/a>.<\/span><\/em><br><em><span style=\"font-family: georgia, palatino, serif;\">Le Parlement se f\u00e9licite du soutien op\u00e9rationnel que la Commission fournit aux \u00c9tats membres qui se trouvent en premi\u00e8re ligne, comme la Gr\u00e8ce et l&rsquo;Italie, via des \u00ab\u00a0points d&rsquo;acc\u00e8s\u00a0\u00bb (\u00ab\u00a0hotspots\u00a0\u00bb), afin d&rsquo;aider les \u00c9tats membres lors du processus d&rsquo;enregistrement des personnes qui arrivent en Europe. Cependant, le succ\u00e8s de ces centres d&rsquo;enregistrement d\u00e9pend de leur disposition \u00e0 d\u00e9placer les r\u00e9fugi\u00e9s des \u00ab\u00a0points d&rsquo;acc\u00e8s\u00a0\u00bb (\u00ab\u00a0hotspots\u00a0\u00bb) vers leur territoire.<\/span><\/em><br><em><span style=\"font-family: georgia, palatino, serif;\">Par ailleurs, le Parlement a r\u00e9it\u00e9r\u00e9 sa demande \u00e0 la Commission europ\u00e9enne de modifier l\u2019actuel r\u00e8glement de Dublin, afin d\u2019inclure un syst\u00e8me permanent et contraignant de r\u00e9partition des demandeurs d\u2019asile entre les 28 \u00c9tats membres, selon une cl\u00e9 de r\u00e9partition \u00e9quitable, obligatoire, tout en prenant en compte les perspectives d\u2019int\u00e9gration et les besoins et circonstances sp\u00e9cifiques des demandeurs d\u2019asile eux-m\u00eames.<\/span><\/em><br><em><span style=\"font-family: georgia, palatino, serif;\">Les travaux de la Commission europ\u00e9enne concernant la migration sont publi\u00e9s \u00e0 la <a href=\"http:\/\/ec.europa.eu\/priorities\/migration\" target=\"_blank\" rel=\"noopener noreferrer\">page web de cette institution<\/a>. Les r\u00e9sultats des r\u00e9unions du Conseil sur la migration et la crise des r\u00e9fugi\u00e9s en Europe sont disponibles sur la page web: \u00ab\u00a0<a href=\"http:\/\/www.consilium.europa.eu\/fr\/policies\/migratory-pressures\/\" target=\"_blank\" rel=\"noopener noreferrer\">Trouver des solutions aux pressions migratoires<\/a>\u00ab\u00a0.<\/span><\/em><br><em><span style=\"font-family: georgia, palatino, serif;\">Nous vous remercions de vous \u00eatre adress\u00e9 au Parlement europ\u00e9en et vous prions d&rsquo;agr\u00e9er, Monsieur, l&rsquo;expression de nos salutations distingu\u00e9es.<\/span><\/em><\/p>\n\n\n\n<p><em><span style=\"font-family: georgia, palatino, serif;\">Unit\u00e9 \u00ab\u00a0Demandes d&rsquo;informations des citoyens\u00a0\u00bb<\/span><\/em><\/p>\n\n\n\n<hr class=\"wp-block-separator has-alpha-channel-opacity\"\/>\n","protected":false},"excerpt":{"rendered":"<p>Contre toute attente &#8230;<\/p>\n","protected":false},"author":1,"featured_media":472769,"comment_status":"open","ping_status":"open","sticky":false,"template":"","format":"standard","meta":{"_uag_custom_page_level_css":"","_lmt_disableupdate":"no","_lmt_disable":"no","h5ap_radio_sources":[],"jetpack_post_was_ever_published":false,"_jetpack_newsletter_access":"","_jetpack_dont_email_post_to_subs":false,"_jetpack_newsletter_tier_id":0,"_jetpack_memberships_contains_paywalled_content":false,"_jetpack_memberships_contains_paid_content":false,"footnotes":"","jetpack_publicize_message":"","jetpack_publicize_feature_enabled":true,"jetpack_social_post_already_shared":false,"jetpack_social_options":{"image_generator_settings":{"template":"highway","default_image_id":0,"font":"","enabled":false},"version":2}},"categories":[7,46,52],"tags":[171,49,423,396,55,301,452,413,6,109,44,62,47,464,376],"class_list":["post-273512","post","type-post","status-publish","format-standard","has-post-thumbnail","hentry","category-europe","category-migrations","category-non_classe","tag-attente","tag-danemark","tag-decembre","tag-espoir","tag-europe","tag-guerre","tag-langage","tag-liberte","tag-migration","tag-mort","tag-politique","tag-presse","tag-refugies","tag-travaux","tag-vers"],"featured_image_urls_v2":{"full":["https:\/\/i0.wp.com\/asimon.eu\/blog\/wp-content\/uploads\/2016\/01\/drapeau-europe.png?fit=800%2C400&ssl=1",800,400,false],"thumbnail":["https:\/\/i0.wp.com\/asimon.eu\/blog\/wp-content\/uploads\/2016\/01\/drapeau-europe.png?resize=150%2C150&ssl=1",150,150,true],"medium":["https:\/\/i0.wp.com\/asimon.eu\/blog\/wp-content\/uploads\/2016\/01\/drapeau-europe.png?fit=300%2C150&ssl=1",300,150,true],"medium_large":["https:\/\/i0.wp.com\/asimon.eu\/blog\/wp-content\/uploads\/2016\/01\/drapeau-europe.png?fit=768%2C384&ssl=1",768,384,true],"large":["https:\/\/i0.wp.com\/asimon.eu\/blog\/wp-content\/uploads\/2016\/01\/drapeau-europe.png?fit=800%2C400&ssl=1",800,400,true],"gs-tiny":["https:\/\/i0.wp.com\/asimon.eu\/blog\/wp-content\/uploads\/2016\/01\/drapeau-europe.png?fit=50%2C25&ssl=1",50,25,true],"xl":["https:\/\/i0.wp.com\/asimon.eu\/blog\/wp-content\/uploads\/2016\/01\/drapeau-europe.png?fit=800%2C400&ssl=1",800,400,true],"xxl":["https:\/\/i0.wp.com\/asimon.eu\/blog\/wp-content\/uploads\/2016\/01\/drapeau-europe.png?fit=800%2C400&ssl=1",800,400,true],"xxxl":["https:\/\/i0.wp.com\/asimon.eu\/blog\/wp-content\/uploads\/2016\/01\/drapeau-europe.png?fit=800%2C400&ssl=1",800,400,true],"xxxxl":["https:\/\/i0.wp.com\/asimon.eu\/blog\/wp-content\/uploads\/2016\/01\/drapeau-europe.png?fit=800%2C400&ssl=1",800,400,true],"xxxxxl":["https:\/\/i0.wp.com\/asimon.eu\/blog\/wp-content\/uploads\/2016\/01\/drapeau-europe.png?fit=800%2C400&ssl=1",800,400,true],"1536x1536":["https:\/\/i0.wp.com\/asimon.eu\/blog\/wp-content\/uploads\/2016\/01\/drapeau-europe.png?fit=800%2C400&ssl=1",800,400,true],"2048x2048":["https:\/\/i0.wp.com\/asimon.eu\/blog\/wp-content\/uploads\/2016\/01\/drapeau-europe.png?fit=800%2C400&ssl=1",800,400,true],"mailpoet_newsletter_max":["https:\/\/i0.wp.com\/asimon.eu\/blog\/wp-content\/uploads\/2016\/01\/drapeau-europe.png?fit=800%2C400&ssl=1",800,400,true]},"post_excerpt_stackable_v2":"<p>Contre toute attente &#8230;<\/p>\n","category_list_v2":"<a href=\"https:\/\/asimon.eu\/blog\/category\/europe\/\" rel=\"category tag\">Europe<\/a>, <a href=\"https:\/\/asimon.eu\/blog\/category\/migrations\/\" rel=\"category tag\">Migrations<\/a>, <a href=\"https:\/\/asimon.eu\/blog\/category\/non_classe\/\" rel=\"category tag\">Non class\u00e9<\/a>","author_info_v2":{"name":"Andr\u00e9","url":"https:\/\/asimon.eu\/blog\/author\/andre\/"},"comments_num_v2":"1 commentaire","yoast_head":"<!-- This site is optimized with the Yoast SEO plugin v27.5 - https:\/\/yoast.com\/product\/yoast-seo-wordpress\/ -->\n<title>Danemark vs r\u00e9fugi\u00e9s ... r\u00e9ponse - Cemondeblog<\/title>\n<meta name=\"description\" content=\"Contre toute attente, j&#039;ai re\u00e7u cette r\u00e9ponse du Parlement Europ\u00e9en \u00e0 mon mail du mois de d\u00e9cembre mentionn\u00e9 dans le post Danemark vs r\u00e9fugi\u00e9s .\" \/>\n<meta name=\"robots\" content=\"index, follow, max-snippet:-1, max-image-preview:large, max-video-preview:-1\" \/>\n<link rel=\"canonical\" href=\"https:\/\/asimon.eu\/blog\/europe\/danemark-vs-refugies-reponse\/\" \/>\n<meta property=\"og:locale\" content=\"fr_FR\" \/>\n<meta property=\"og:type\" content=\"article\" \/>\n<meta property=\"og:title\" content=\"Danemark vs r\u00e9fugi\u00e9s ... r\u00e9ponse - Cemondeblog\" \/>\n<meta property=\"og:description\" content=\"Contre toute attente, j&#039;ai re\u00e7u cette r\u00e9ponse du Parlement Europ\u00e9en \u00e0 mon mail du mois de d\u00e9cembre mentionn\u00e9 dans le post Danemark vs r\u00e9fugi\u00e9s .\" \/>\n<meta property=\"og:url\" content=\"https:\/\/asimon.eu\/blog\/europe\/danemark-vs-refugies-reponse\/\" \/>\n<meta property=\"og:site_name\" content=\"Cemondeblog\" \/>\n<meta property=\"article:published_time\" content=\"2024-02-16T03:31:03+00:00\" \/>\n<meta property=\"article:modified_time\" content=\"2024-02-20T17:16:17+00:00\" \/>\n<meta property=\"og:image\" content=\"https:\/\/asimon.eu\/blog\/wp-content\/uploads\/2016\/01\/drapeau-europe.png\" \/>\n\t<meta property=\"og:image:width\" content=\"800\" \/>\n\t<meta property=\"og:image:height\" content=\"400\" \/>\n\t<meta property=\"og:image:type\" content=\"image\/png\" \/>\n<meta name=\"author\" content=\"Andr\u00e9\" \/>\n<meta name=\"twitter:card\" content=\"summary_large_image\" \/>\n<meta name=\"twitter:creator\" content=\"@olrik16\" \/>\n<meta name=\"twitter:site\" content=\"@olrik16\" \/>\n<meta name=\"twitter:label1\" content=\"\u00c9crit par\" \/>\n\t<meta name=\"twitter:data1\" content=\"Andr\u00e9\" \/>\n\t<meta name=\"twitter:label2\" content=\"Dur\u00e9e de lecture estim\u00e9e\" \/>\n\t<meta name=\"twitter:data2\" content=\"5 minutes\" \/>\n<script type=\"application\/ld+json\" class=\"yoast-schema-graph\">{\"@context\":\"https:\\\/\\\/schema.org\",\"@graph\":[{\"@type\":\"Article\",\"@id\":\"https:\\\/\\\/asimon.eu\\\/blog\\\/europe\\\/danemark-vs-refugies-reponse\\\/#article\",\"isPartOf\":{\"@id\":\"https:\\\/\\\/asimon.eu\\\/blog\\\/europe\\\/danemark-vs-refugies-reponse\\\/\"},\"author\":{\"name\":\"Andr\u00e9\",\"@id\":\"https:\\\/\\\/asimon.eu\\\/blog\\\/#\\\/schema\\\/person\\\/4aef5843155766a51be733fbdace4241\"},\"headline\":\"Danemark vs r\u00e9fugi\u00e9s &#8230; r\u00e9ponse\",\"datePublished\":\"2024-02-16T03:31:03+00:00\",\"dateModified\":\"2024-02-20T17:16:17+00:00\",\"mainEntityOfPage\":{\"@id\":\"https:\\\/\\\/asimon.eu\\\/blog\\\/europe\\\/danemark-vs-refugies-reponse\\\/\"},\"wordCount\":883,\"commentCount\":1,\"publisher\":{\"@id\":\"https:\\\/\\\/asimon.eu\\\/blog\\\/#\\\/schema\\\/person\\\/4aef5843155766a51be733fbdace4241\"},\"image\":{\"@id\":\"https:\\\/\\\/asimon.eu\\\/blog\\\/europe\\\/danemark-vs-refugies-reponse\\\/#primaryimage\"},\"thumbnailUrl\":\"https:\\\/\\\/i0.wp.com\\\/asimon.eu\\\/blog\\\/wp-content\\\/uploads\\\/2016\\\/01\\\/drapeau-europe.png?fit=800%2C400&ssl=1\",\"keywords\":[\"attente\",\"Danemark\",\"d\u00e9cembre\",\"espoir\",\"Europe\",\"guerre\",\"langage\",\"libert\u00e9\",\"Migration\",\"Mort\",\"Politique\",\"Presse\",\"R\u00e9fugi\u00e9s\",\"travaux\",\"vers\"],\"articleSection\":[\"Europe\",\"Migrations\"],\"inLanguage\":\"fr-FR\",\"potentialAction\":[{\"@type\":\"CommentAction\",\"name\":\"Comment\",\"target\":[\"https:\\\/\\\/asimon.eu\\\/blog\\\/europe\\\/danemark-vs-refugies-reponse\\\/#respond\"]}]},{\"@type\":\"WebPage\",\"@id\":\"https:\\\/\\\/asimon.eu\\\/blog\\\/europe\\\/danemark-vs-refugies-reponse\\\/\",\"url\":\"https:\\\/\\\/asimon.eu\\\/blog\\\/europe\\\/danemark-vs-refugies-reponse\\\/\",\"name\":\"Danemark vs r\u00e9fugi\u00e9s ... r\u00e9ponse - Cemondeblog\",\"isPartOf\":{\"@id\":\"https:\\\/\\\/asimon.eu\\\/blog\\\/#website\"},\"primaryImageOfPage\":{\"@id\":\"https:\\\/\\\/asimon.eu\\\/blog\\\/europe\\\/danemark-vs-refugies-reponse\\\/#primaryimage\"},\"image\":{\"@id\":\"https:\\\/\\\/asimon.eu\\\/blog\\\/europe\\\/danemark-vs-refugies-reponse\\\/#primaryimage\"},\"thumbnailUrl\":\"https:\\\/\\\/i0.wp.com\\\/asimon.eu\\\/blog\\\/wp-content\\\/uploads\\\/2016\\\/01\\\/drapeau-europe.png?fit=800%2C400&ssl=1\",\"datePublished\":\"2024-02-16T03:31:03+00:00\",\"dateModified\":\"2024-02-20T17:16:17+00:00\",\"description\":\"Contre toute attente, j'ai re\u00e7u cette r\u00e9ponse du Parlement Europ\u00e9en \u00e0 mon mail du mois de d\u00e9cembre mentionn\u00e9 dans le post Danemark vs r\u00e9fugi\u00e9s .\",\"breadcrumb\":{\"@id\":\"https:\\\/\\\/asimon.eu\\\/blog\\\/europe\\\/danemark-vs-refugies-reponse\\\/#breadcrumb\"},\"inLanguage\":\"fr-FR\",\"potentialAction\":[{\"@type\":\"ReadAction\",\"target\":[\"https:\\\/\\\/asimon.eu\\\/blog\\\/europe\\\/danemark-vs-refugies-reponse\\\/\"]}]},{\"@type\":\"ImageObject\",\"inLanguage\":\"fr-FR\",\"@id\":\"https:\\\/\\\/asimon.eu\\\/blog\\\/europe\\\/danemark-vs-refugies-reponse\\\/#primaryimage\",\"url\":\"https:\\\/\\\/i0.wp.com\\\/asimon.eu\\\/blog\\\/wp-content\\\/uploads\\\/2016\\\/01\\\/drapeau-europe.png?fit=800%2C400&ssl=1\",\"contentUrl\":\"https:\\\/\\\/i0.wp.com\\\/asimon.eu\\\/blog\\\/wp-content\\\/uploads\\\/2016\\\/01\\\/drapeau-europe.png?fit=800%2C400&ssl=1\",\"width\":800,\"height\":400,\"caption\":\"Europe\"},{\"@type\":\"BreadcrumbList\",\"@id\":\"https:\\\/\\\/asimon.eu\\\/blog\\\/europe\\\/danemark-vs-refugies-reponse\\\/#breadcrumb\",\"itemListElement\":[{\"@type\":\"ListItem\",\"position\":1,\"name\":\"Accueil\",\"item\":\"https:\\\/\\\/asimon.eu\\\/blog\\\/\"},{\"@type\":\"ListItem\",\"position\":2,\"name\":\"Migrations\",\"item\":\"https:\\\/\\\/asimon.eu\\\/blog\\\/category\\\/migrations\\\/\"},{\"@type\":\"ListItem\",\"position\":3,\"name\":\"Danemark vs r\u00e9fugi\u00e9s &#8230; r\u00e9ponse\"}]},{\"@type\":\"WebSite\",\"@id\":\"https:\\\/\\\/asimon.eu\\\/blog\\\/#website\",\"url\":\"https:\\\/\\\/asimon.eu\\\/blog\\\/\",\"name\":\"Cemondeblog\",\"description\":\"Ce monde o\u00f9 je vis, o\u00f9 nous vivons.\",\"publisher\":{\"@id\":\"https:\\\/\\\/asimon.eu\\\/blog\\\/#\\\/schema\\\/person\\\/4aef5843155766a51be733fbdace4241\"},\"potentialAction\":[{\"@type\":\"SearchAction\",\"target\":{\"@type\":\"EntryPoint\",\"urlTemplate\":\"https:\\\/\\\/asimon.eu\\\/blog\\\/?s={search_term_string}\"},\"query-input\":{\"@type\":\"PropertyValueSpecification\",\"valueRequired\":true,\"valueName\":\"search_term_string\"}}],\"inLanguage\":\"fr-FR\"},{\"@type\":[\"Person\",\"Organization\"],\"@id\":\"https:\\\/\\\/asimon.eu\\\/blog\\\/#\\\/schema\\\/person\\\/4aef5843155766a51be733fbdace4241\",\"name\":\"Andr\u00e9\",\"image\":{\"@type\":\"ImageObject\",\"inLanguage\":\"fr-FR\",\"@id\":\"https:\\\/\\\/i0.wp.com\\\/asimon.eu\\\/blog\\\/wp-content\\\/uploads\\\/2019\\\/12\\\/cropped-rancheria-14.png?fit=1597%2C422&ssl=1\",\"url\":\"https:\\\/\\\/i0.wp.com\\\/asimon.eu\\\/blog\\\/wp-content\\\/uploads\\\/2019\\\/12\\\/cropped-rancheria-14.png?fit=1597%2C422&ssl=1\",\"contentUrl\":\"https:\\\/\\\/i0.wp.com\\\/asimon.eu\\\/blog\\\/wp-content\\\/uploads\\\/2019\\\/12\\\/cropped-rancheria-14.png?fit=1597%2C422&ssl=1\",\"width\":1597,\"height\":422,\"caption\":\"Andr\u00e9\"},\"logo\":{\"@id\":\"https:\\\/\\\/i0.wp.com\\\/asimon.eu\\\/blog\\\/wp-content\\\/uploads\\\/2019\\\/12\\\/cropped-rancheria-14.png?fit=1597%2C422&ssl=1\"},\"description\":\"Et la vie va ...\",\"sameAs\":[\"https:\\\/\\\/asimon.eu\"]}]}<\/script>\n<!-- \/ Yoast SEO plugin. -->","yoast_head_json":{"title":"Danemark vs r\u00e9fugi\u00e9s ... r\u00e9ponse - Cemondeblog","description":"Contre toute attente, j'ai re\u00e7u cette r\u00e9ponse du Parlement Europ\u00e9en \u00e0 mon mail du mois de d\u00e9cembre mentionn\u00e9 dans le post Danemark vs r\u00e9fugi\u00e9s .","robots":{"index":"index","follow":"follow","max-snippet":"max-snippet:-1","max-image-preview":"max-image-preview:large","max-video-preview":"max-video-preview:-1"},"canonical":"https:\/\/asimon.eu\/blog\/europe\/danemark-vs-refugies-reponse\/","og_locale":"fr_FR","og_type":"article","og_title":"Danemark vs r\u00e9fugi\u00e9s ... r\u00e9ponse - Cemondeblog","og_description":"Contre toute attente, j'ai re\u00e7u cette r\u00e9ponse du Parlement Europ\u00e9en \u00e0 mon mail du mois de d\u00e9cembre mentionn\u00e9 dans le post Danemark vs r\u00e9fugi\u00e9s .","og_url":"https:\/\/asimon.eu\/blog\/europe\/danemark-vs-refugies-reponse\/","og_site_name":"Cemondeblog","article_published_time":"2024-02-16T03:31:03+00:00","article_modified_time":"2024-02-20T17:16:17+00:00","og_image":[{"width":800,"height":400,"url":"https:\/\/asimon.eu\/blog\/wp-content\/uploads\/2016\/01\/drapeau-europe.png","type":"image\/png"}],"author":"Andr\u00e9","twitter_card":"summary_large_image","twitter_creator":"@olrik16","twitter_site":"@olrik16","twitter_misc":{"\u00c9crit par":"Andr\u00e9","Dur\u00e9e de lecture estim\u00e9e":"5 minutes"},"schema":{"@context":"https:\/\/schema.org","@graph":[{"@type":"Article","@id":"https:\/\/asimon.eu\/blog\/europe\/danemark-vs-refugies-reponse\/#article","isPartOf":{"@id":"https:\/\/asimon.eu\/blog\/europe\/danemark-vs-refugies-reponse\/"},"author":{"name":"Andr\u00e9","@id":"https:\/\/asimon.eu\/blog\/#\/schema\/person\/4aef5843155766a51be733fbdace4241"},"headline":"Danemark vs r\u00e9fugi\u00e9s &#8230; r\u00e9ponse","datePublished":"2024-02-16T03:31:03+00:00","dateModified":"2024-02-20T17:16:17+00:00","mainEntityOfPage":{"@id":"https:\/\/asimon.eu\/blog\/europe\/danemark-vs-refugies-reponse\/"},"wordCount":883,"commentCount":1,"publisher":{"@id":"https:\/\/asimon.eu\/blog\/#\/schema\/person\/4aef5843155766a51be733fbdace4241"},"image":{"@id":"https:\/\/asimon.eu\/blog\/europe\/danemark-vs-refugies-reponse\/#primaryimage"},"thumbnailUrl":"https:\/\/i0.wp.com\/asimon.eu\/blog\/wp-content\/uploads\/2016\/01\/drapeau-europe.png?fit=800%2C400&ssl=1","keywords":["attente","Danemark","d\u00e9cembre","espoir","Europe","guerre","langage","libert\u00e9","Migration","Mort","Politique","Presse","R\u00e9fugi\u00e9s","travaux","vers"],"articleSection":["Europe","Migrations"],"inLanguage":"fr-FR","potentialAction":[{"@type":"CommentAction","name":"Comment","target":["https:\/\/asimon.eu\/blog\/europe\/danemark-vs-refugies-reponse\/#respond"]}]},{"@type":"WebPage","@id":"https:\/\/asimon.eu\/blog\/europe\/danemark-vs-refugies-reponse\/","url":"https:\/\/asimon.eu\/blog\/europe\/danemark-vs-refugies-reponse\/","name":"Danemark vs r\u00e9fugi\u00e9s ... r\u00e9ponse - Cemondeblog","isPartOf":{"@id":"https:\/\/asimon.eu\/blog\/#website"},"primaryImageOfPage":{"@id":"https:\/\/asimon.eu\/blog\/europe\/danemark-vs-refugies-reponse\/#primaryimage"},"image":{"@id":"https:\/\/asimon.eu\/blog\/europe\/danemark-vs-refugies-reponse\/#primaryimage"},"thumbnailUrl":"https:\/\/i0.wp.com\/asimon.eu\/blog\/wp-content\/uploads\/2016\/01\/drapeau-europe.png?fit=800%2C400&ssl=1","datePublished":"2024-02-16T03:31:03+00:00","dateModified":"2024-02-20T17:16:17+00:00","description":"Contre toute attente, j'ai re\u00e7u cette r\u00e9ponse du Parlement Europ\u00e9en \u00e0 mon mail du mois de d\u00e9cembre mentionn\u00e9 dans le post Danemark vs r\u00e9fugi\u00e9s .","breadcrumb":{"@id":"https:\/\/asimon.eu\/blog\/europe\/danemark-vs-refugies-reponse\/#breadcrumb"},"inLanguage":"fr-FR","potentialAction":[{"@type":"ReadAction","target":["https:\/\/asimon.eu\/blog\/europe\/danemark-vs-refugies-reponse\/"]}]},{"@type":"ImageObject","inLanguage":"fr-FR","@id":"https:\/\/asimon.eu\/blog\/europe\/danemark-vs-refugies-reponse\/#primaryimage","url":"https:\/\/i0.wp.com\/asimon.eu\/blog\/wp-content\/uploads\/2016\/01\/drapeau-europe.png?fit=800%2C400&ssl=1","contentUrl":"https:\/\/i0.wp.com\/asimon.eu\/blog\/wp-content\/uploads\/2016\/01\/drapeau-europe.png?fit=800%2C400&ssl=1","width":800,"height":400,"caption":"Europe"},{"@type":"BreadcrumbList","@id":"https:\/\/asimon.eu\/blog\/europe\/danemark-vs-refugies-reponse\/#breadcrumb","itemListElement":[{"@type":"ListItem","position":1,"name":"Accueil","item":"https:\/\/asimon.eu\/blog\/"},{"@type":"ListItem","position":2,"name":"Migrations","item":"https:\/\/asimon.eu\/blog\/category\/migrations\/"},{"@type":"ListItem","position":3,"name":"Danemark vs r\u00e9fugi\u00e9s &#8230; r\u00e9ponse"}]},{"@type":"WebSite","@id":"https:\/\/asimon.eu\/blog\/#website","url":"https:\/\/asimon.eu\/blog\/","name":"Cemondeblog","description":"Ce monde o\u00f9 je vis, o\u00f9 nous vivons.","publisher":{"@id":"https:\/\/asimon.eu\/blog\/#\/schema\/person\/4aef5843155766a51be733fbdace4241"},"potentialAction":[{"@type":"SearchAction","target":{"@type":"EntryPoint","urlTemplate":"https:\/\/asimon.eu\/blog\/?s={search_term_string}"},"query-input":{"@type":"PropertyValueSpecification","valueRequired":true,"valueName":"search_term_string"}}],"inLanguage":"fr-FR"},{"@type":["Person","Organization"],"@id":"https:\/\/asimon.eu\/blog\/#\/schema\/person\/4aef5843155766a51be733fbdace4241","name":"Andr\u00e9","image":{"@type":"ImageObject","inLanguage":"fr-FR","@id":"https:\/\/i0.wp.com\/asimon.eu\/blog\/wp-content\/uploads\/2019\/12\/cropped-rancheria-14.png?fit=1597%2C422&ssl=1","url":"https:\/\/i0.wp.com\/asimon.eu\/blog\/wp-content\/uploads\/2019\/12\/cropped-rancheria-14.png?fit=1597%2C422&ssl=1","contentUrl":"https:\/\/i0.wp.com\/asimon.eu\/blog\/wp-content\/uploads\/2019\/12\/cropped-rancheria-14.png?fit=1597%2C422&ssl=1","width":1597,"height":422,"caption":"Andr\u00e9"},"logo":{"@id":"https:\/\/i0.wp.com\/asimon.eu\/blog\/wp-content\/uploads\/2019\/12\/cropped-rancheria-14.png?fit=1597%2C422&ssl=1"},"description":"Et la vie va ...","sameAs":["https:\/\/asimon.eu"]}]}},"modified_by":"Andr\u00e9","jetpack_publicize_connections":[],"jetpack_featured_media_url":"https:\/\/i0.wp.com\/asimon.eu\/blog\/wp-content\/uploads\/2016\/01\/drapeau-europe.png?fit=800%2C400&ssl=1","uagb_featured_image_src":{"full":["https:\/\/i0.wp.com\/asimon.eu\/blog\/wp-content\/uploads\/2016\/01\/drapeau-europe.png?fit=800%2C400&ssl=1",800,400,false],"thumbnail":["https:\/\/i0.wp.com\/asimon.eu\/blog\/wp-content\/uploads\/2016\/01\/drapeau-europe.png?resize=150%2C150&ssl=1",150,150,true],"medium":["https:\/\/i0.wp.com\/asimon.eu\/blog\/wp-content\/uploads\/2016\/01\/drapeau-europe.png?fit=300%2C150&ssl=1",300,150,true],"medium_large":["https:\/\/i0.wp.com\/asimon.eu\/blog\/wp-content\/uploads\/2016\/01\/drapeau-europe.png?fit=768%2C384&ssl=1",768,384,true],"large":["https:\/\/i0.wp.com\/asimon.eu\/blog\/wp-content\/uploads\/2016\/01\/drapeau-europe.png?fit=800%2C400&ssl=1",800,400,true],"gs-tiny":["https:\/\/i0.wp.com\/asimon.eu\/blog\/wp-content\/uploads\/2016\/01\/drapeau-europe.png?fit=50%2C25&ssl=1",50,25,true],"xl":["https:\/\/i0.wp.com\/asimon.eu\/blog\/wp-content\/uploads\/2016\/01\/drapeau-europe.png?fit=800%2C400&ssl=1",800,400,true],"xxl":["https:\/\/i0.wp.com\/asimon.eu\/blog\/wp-content\/uploads\/2016\/01\/drapeau-europe.png?fit=800%2C400&ssl=1",800,400,true],"xxxl":["https:\/\/i0.wp.com\/asimon.eu\/blog\/wp-content\/uploads\/2016\/01\/drapeau-europe.png?fit=800%2C400&ssl=1",800,400,true],"xxxxl":["https:\/\/i0.wp.com\/asimon.eu\/blog\/wp-content\/uploads\/2016\/01\/drapeau-europe.png?fit=800%2C400&ssl=1",800,400,true],"xxxxxl":["https:\/\/i0.wp.com\/asimon.eu\/blog\/wp-content\/uploads\/2016\/01\/drapeau-europe.png?fit=800%2C400&ssl=1",800,400,true],"1536x1536":["https:\/\/i0.wp.com\/asimon.eu\/blog\/wp-content\/uploads\/2016\/01\/drapeau-europe.png?fit=800%2C400&ssl=1",800,400,true],"2048x2048":["https:\/\/i0.wp.com\/asimon.eu\/blog\/wp-content\/uploads\/2016\/01\/drapeau-europe.png?fit=800%2C400&ssl=1",800,400,true],"mailpoet_newsletter_max":["https:\/\/i0.wp.com\/asimon.eu\/blog\/wp-content\/uploads\/2016\/01\/drapeau-europe.png?fit=800%2C400&ssl=1",800,400,true]},"uagb_author_info":{"display_name":"Andr\u00e9","author_link":"https:\/\/asimon.eu\/blog\/author\/andre\/"},"uagb_comment_info":1,"uagb_excerpt":"Contre toute attente ...","jetpack-related-posts":[{"id":61,"url":"https:\/\/asimon.eu\/blog\/migrations\/danemark-vs-refugies\/","url_meta":{"origin":273512,"position":0},"title":"Danemark vs r\u00e9fugi\u00e9s","author":"Andr\u00e9","date":"18 janvier 2024","format":false,"excerpt":"C'\u00e9tait en d\u00e9cembre 2015. Aujourd'hui, le Danemark franchit un pas de plus ...","rel":"","context":"Dans &quot;Migrations&quot;","block_context":{"text":"Migrations","link":"https:\/\/asimon.eu\/blog\/category\/migrations\/"},"img":{"alt_text":"Danemark","src":"https:\/\/i0.wp.com\/asimon.eu\/blog\/wp-content\/uploads\/2015\/12\/Danemark_drapeau.png?fit=802%2C400&ssl=1&resize=350%2C200","width":350,"height":200,"srcset":"https:\/\/i0.wp.com\/asimon.eu\/blog\/wp-content\/uploads\/2015\/12\/Danemark_drapeau.png?fit=802%2C400&ssl=1&resize=350%2C200 1x, https:\/\/i0.wp.com\/asimon.eu\/blog\/wp-content\/uploads\/2015\/12\/Danemark_drapeau.png?fit=802%2C400&ssl=1&resize=525%2C300 1.5x, https:\/\/i0.wp.com\/asimon.eu\/blog\/wp-content\/uploads\/2015\/12\/Danemark_drapeau.png?fit=802%2C400&ssl=1&resize=700%2C400 2x"},"classes":[]},{"id":273513,"url":"https:\/\/asimon.eu\/blog\/migrations\/danemark-vs-refugies-ils-ont-ose\/","url_meta":{"origin":273512,"position":1},"title":"Danemark vs r\u00e9fugi\u00e9s &#8230; ils ont os\u00e9 !","author":"Andr\u00e9","date":"20 f\u00e9vrier 2024","format":false,"excerpt":"Le parlement danois a fini par adopter la loi inf\u00e2me","rel":"","context":"Dans &quot;Europe&quot;","block_context":{"text":"Europe","link":"https:\/\/asimon.eu\/blog\/category\/europe\/"},"img":{"alt_text":"Danemark","src":"https:\/\/i0.wp.com\/asimon.eu\/blog\/wp-content\/uploads\/2015\/12\/Danemark_drapeau.png?fit=802%2C400&ssl=1&resize=350%2C200","width":350,"height":200,"srcset":"https:\/\/i0.wp.com\/asimon.eu\/blog\/wp-content\/uploads\/2015\/12\/Danemark_drapeau.png?fit=802%2C400&ssl=1&resize=350%2C200 1x, https:\/\/i0.wp.com\/asimon.eu\/blog\/wp-content\/uploads\/2015\/12\/Danemark_drapeau.png?fit=802%2C400&ssl=1&resize=525%2C300 1.5x, https:\/\/i0.wp.com\/asimon.eu\/blog\/wp-content\/uploads\/2015\/12\/Danemark_drapeau.png?fit=802%2C400&ssl=1&resize=700%2C400 2x"},"classes":[]},{"id":1159,"url":"https:\/\/asimon.eu\/blog\/non_classe\/morte-a-lhopital-suite\/","url_meta":{"origin":273512,"position":2},"title":"Morte \u00e0 l&rsquo;h\u00f4pital &#8230; suite.","author":"Andr\u00e9","date":"19 avril 2024","format":false,"excerpt":"j'ai interpell\u00e9 l'Ordre des M\u00e9decins ...","rel":"","context":"Dans &quot;Belgique&quot;","block_context":{"text":"Belgique","link":"https:\/\/asimon.eu\/blog\/category\/belgique\/"},"img":{"alt_text":"h\u00f4pital","src":"https:\/\/i0.wp.com\/asimon.eu\/blog\/wp-content\/uploads\/2016\/02\/medicine-91754_1280.jpg?fit=684%2C500&ssl=1&resize=350%2C200","width":350,"height":200,"srcset":"https:\/\/i0.wp.com\/asimon.eu\/blog\/wp-content\/uploads\/2016\/02\/medicine-91754_1280.jpg?fit=684%2C500&ssl=1&resize=350%2C200 1x, https:\/\/i0.wp.com\/asimon.eu\/blog\/wp-content\/uploads\/2016\/02\/medicine-91754_1280.jpg?fit=684%2C500&ssl=1&resize=525%2C300 1.5x"},"classes":[]},{"id":1010,"url":"https:\/\/asimon.eu\/blog\/migrations\/ouvertement-ou-en-douce\/","url_meta":{"origin":273512,"position":3},"title":"Ouvertement, ou en douce ?","author":"Andr\u00e9","date":"9 avril 2024","format":false,"excerpt":"Il y a peu, je m\u2019indignais ...","rel":"","context":"Dans &quot;Belgique&quot;","block_context":{"text":"Belgique","link":"https:\/\/asimon.eu\/blog\/category\/belgique\/"},"img":{"alt_text":"poubelle","src":"https:\/\/i0.wp.com\/asimon.eu\/blog\/wp-content\/uploads\/2016\/02\/zeebrugge_refugies.jpg?fit=940%2C470&ssl=1&resize=350%2C200","width":350,"height":200,"srcset":"https:\/\/i0.wp.com\/asimon.eu\/blog\/wp-content\/uploads\/2016\/02\/zeebrugge_refugies.jpg?fit=940%2C470&ssl=1&resize=350%2C200 1x, https:\/\/i0.wp.com\/asimon.eu\/blog\/wp-content\/uploads\/2016\/02\/zeebrugge_refugies.jpg?fit=940%2C470&ssl=1&resize=525%2C300 1.5x, https:\/\/i0.wp.com\/asimon.eu\/blog\/wp-content\/uploads\/2016\/02\/zeebrugge_refugies.jpg?fit=940%2C470&ssl=1&resize=700%2C400 2x"},"classes":[]},{"id":2593,"url":"https:\/\/asimon.eu\/blog\/migrations\/lhumanite-pas-les-murs\/","url_meta":{"origin":273512,"position":4},"title":"L&rsquo;humanit\u00e9, pas les murs !","author":"Andr\u00e9","date":"22 septembre 2024","format":false,"excerpt":"Dans La Repubblica d\u2019aujourd\u2019hui, je d\u00e9couvre l\u2019initiative de maires europ\u00e9ens de villes \u00ab fronti\u00e8res \u00bb","rel":"","context":"Dans &quot;Migrations&quot;","block_context":{"text":"Migrations","link":"https:\/\/asimon.eu\/blog\/category\/migrations\/"},"img":{"alt_text":"","src":"https:\/\/i0.wp.com\/img.youtube.com\/vi\/ovX2-Fs9QJc\/0.jpg?resize=350%2C200","width":350,"height":200},"classes":[]},{"id":1373,"url":"https:\/\/asimon.eu\/blog\/non_classe\/une-reponse-peu-convaincante\/","url_meta":{"origin":273512,"position":5},"title":"Une r\u00e9ponse &#8230; peu convaincante.","author":"Andr\u00e9","date":"10 mai 2024","format":false,"excerpt":"Je demandais \u00e0 l\u2019Ordre des M\u00e9decins sa position \u00e0 propos des abus de certains praticiens ...","rel":"","context":"Dans &quot;Belgique&quot;","block_context":{"text":"Belgique","link":"https:\/\/asimon.eu\/blog\/category\/belgique\/"},"img":{"alt_text":"","src":"https:\/\/i0.wp.com\/asimon.eu\/blog\/wp-content\/uploads\/2020\/10\/Hosto-scaled.jpeg?fit=675%2C1200&ssl=1&resize=350%2C200","width":350,"height":200,"srcset":"https:\/\/i0.wp.com\/asimon.eu\/blog\/wp-content\/uploads\/2020\/10\/Hosto-scaled.jpeg?fit=675%2C1200&ssl=1&resize=350%2C200 1x, https:\/\/i0.wp.com\/asimon.eu\/blog\/wp-content\/uploads\/2020\/10\/Hosto-scaled.jpeg?fit=675%2C1200&ssl=1&resize=525%2C300 1.5x"},"classes":[]}],"jetpack_shortlink":"https:\/\/wp.me\/p9rk1P-199u","jetpack_sharing_enabled":true,"jetpack_likes_enabled":true,"_links":{"self":[{"href":"https:\/\/asimon.eu\/blog\/wp-json\/wp\/v2\/posts\/273512","targetHints":{"allow":["GET"]}}],"collection":[{"href":"https:\/\/asimon.eu\/blog\/wp-json\/wp\/v2\/posts"}],"about":[{"href":"https:\/\/asimon.eu\/blog\/wp-json\/wp\/v2\/types\/post"}],"author":[{"embeddable":true,"href":"https:\/\/asimon.eu\/blog\/wp-json\/wp\/v2\/users\/1"}],"replies":[{"embeddable":true,"href":"https:\/\/asimon.eu\/blog\/wp-json\/wp\/v2\/comments?post=273512"}],"version-history":[{"count":5,"href":"https:\/\/asimon.eu\/blog\/wp-json\/wp\/v2\/posts\/273512\/revisions"}],"predecessor-version":[{"id":487262,"href":"https:\/\/asimon.eu\/blog\/wp-json\/wp\/v2\/posts\/273512\/revisions\/487262"}],"wp:featuredmedia":[{"embeddable":true,"href":"https:\/\/asimon.eu\/blog\/wp-json\/wp\/v2\/media\/472769"}],"wp:attachment":[{"href":"https:\/\/asimon.eu\/blog\/wp-json\/wp\/v2\/media?parent=273512"}],"wp:term":[{"taxonomy":"category","embeddable":true,"href":"https:\/\/asimon.eu\/blog\/wp-json\/wp\/v2\/categories?post=273512"},{"taxonomy":"post_tag","embeddable":true,"href":"https:\/\/asimon.eu\/blog\/wp-json\/wp\/v2\/tags?post=273512"}],"curies":[{"name":"wp","href":"https:\/\/api.w.org\/{rel}","templated":true}]}}