{"id":3079,"date":"2024-10-26T13:18:06","date_gmt":"2024-10-26T11:18:06","guid":{"rendered":"https:\/\/cemondeblog.wordpress.com\/?p=3079"},"modified":"2024-10-26T13:18:06","modified_gmt":"2024-10-26T11:18:06","slug":"un-journal-des-bonnes-nouvelles","status":"publish","type":"post","link":"https:\/\/asimon.eu\/blog\/societe\/un-journal-des-bonnes-nouvelles\/","title":{"rendered":"Un journal des bonnes nouvelles &#8230;"},"content":{"rendered":"\n<p>Sur le web, dit-on, on trouve de tout, le pire et parfois le meilleur. Ainsi Positivr, <a href=\"http:\/\/positivr.fr\/\">ce site fran\u00e7ais<\/a>, que j&rsquo;ai rencontr\u00e9 un peu par hasard ces jours-ci. Et ce, gr\u00e2ce \u00e0 ce FaceBook dont je ne pense pas que du bien, et \u00e0 une des tr\u00e8s rares \u00ab\u00a0amies\u00a0\u00bb que j&rsquo;y compte.<\/p>\n\n\n\n<p>Au hasard de ma navigation sur ce site, j&rsquo;\u00e9pingle au passage quelques perles qui me rassurent un peu sur ce monde en perdition.<\/p>\n\n\n\n<p>D&rsquo;abord, la <a href=\"https:\/\/fr.wikipedia.org\/wiki\/Slov%C3%A9nie\" target=\"_blank\" rel=\"noopener noreferrer\">Slov\u00e9nie<\/a>, petit pays des Balkans qui fit partie de la tristement c\u00e9l\u00e8bre Yougoslavie, d\u00e9cr\u00e8te dans sa constitution que <a href=\"http:\/\/positivr.fr\/slovenie-eau-constitution-privatisation\/\" target=\"_blank\" rel=\"noopener noreferrer\">l&rsquo;eau n&rsquo;est pas une marchandise<\/a>, mais un bien public. C&rsquo;est un premier pas dans notre en Europe qui privatise et lib\u00e9ralise \u00e0 tout crin; sera-t-il suivi ? Montrera-t-il, avec les 14 autres pays dans le monde qui suivent la m\u00eame voie, la direction \u00e0 suivre pour une justice \u00e9l\u00e9mentaire dans le monde ? Malgr\u00e9 mes doutes, je ne peux qu&rsquo;esp\u00e9rer que boire et manger seront un jour un v\u00e9ritable droit de l&rsquo;homme, et pas une notion abstraite inscrite sur une \u00ab\u00a0<a href=\"http:\/\/www.un.org\/fr\/universal-declaration-human-rights\/\" target=\"_blank\" rel=\"noopener noreferrer\">D\u00e9claration Universelle<\/a>\u00a0\u00bb servant trop souvent de papier-cul aux g\u00e9ants multinationaux.<\/p>\n\n\n\n<p>Ensuite, cet <a href=\"http:\/\/positivr.fr\/serge-dessay-entreprise-emploi-que-handicapes\/\" target=\"_blank\" rel=\"noopener noreferrer\">entrepreneur<\/a> qui ne recrute que des personnes handicap\u00e9es. C&rsquo;est beau, et c&rsquo;est rentable. Quelle le\u00e7on !<\/p>\n\n\n\n<p>Enfin, cet autre <a href=\"http:\/\/positivr.fr\/recrute-que-des-chomeurs-sans-experience-alyl-securite\/\" target=\"_blank\" rel=\"noopener noreferrer\">entrepreneur<\/a> qui ne recrute que des ch\u00f4meurs non qualifi\u00e9s, qui assure lui-m\u00eame la formation, et dont l&rsquo;entreprise prosp\u00e8re. Un signal: sera-t-il \u00e9cout\u00e9, voire suivi ?<\/p>\n\n\n\n<p>Et &#8230; tout le reste, rapport\u00e9 par une \u00e9quipe qui traque les bonnes nouvelles. Une petite lueur &#8211; une de plus &#8211; dans la grisaille. Merci&nbsp; \ud83d\ude42<\/p>\n","protected":false},"excerpt":{"rendered":"<p>Sur le web, on trouve de tout, et parfois le meilleur &#8230;<\/p>\n","protected":false},"author":1,"featured_media":3865,"comment_status":"open","ping_status":"open","sticky":false,"template":"","format":"standard","meta":{"_uag_custom_page_level_css":"","_lmt_disableupdate":"no","_lmt_disable":"no","h5ap_radio_sources":[],"jetpack_post_was_ever_published":false,"_jetpack_newsletter_access":"","_jetpack_dont_email_post_to_subs":true,"_jetpack_newsletter_tier_id":0,"_jetpack_memberships_contains_paywalled_content":false,"_jetpack_memberships_contains_paid_content":false,"footnotes":"","jetpack_publicize_message":"","jetpack_publicize_feature_enabled":true,"jetpack_social_post_already_shared":true,"jetpack_social_options":{"image_generator_settings":{"template":"highway","default_image_id":0,"font":"","enabled":false},"version":2}},"categories":[10],"tags":[162,55,215,506,465,492,410,38,48],"class_list":["post-3079","post","type-post","status-publish","format-standard","has-post-thumbnail","hentry","category-societe","tag-eau","tag-europe","tag-francais","tag-handicap","tag-hasard","tag-jour","tag-jours","tag-monde","tag-societe"],"featured_image_urls_v2":{"full":["https:\/\/i0.wp.com\/asimon.eu\/blog\/wp-content\/uploads\/2016\/11\/positivr_4.png?fit=1077%2C403&ssl=1",1077,403,false],"thumbnail":["https:\/\/i0.wp.com\/asimon.eu\/blog\/wp-content\/uploads\/2016\/11\/positivr_4.png?resize=150%2C150&ssl=1",150,150,true],"medium":["https:\/\/i0.wp.com\/asimon.eu\/blog\/wp-content\/uploads\/2016\/11\/positivr_4.png?fit=300%2C112&ssl=1",300,112,true],"medium_large":["https:\/\/i0.wp.com\/asimon.eu\/blog\/wp-content\/uploads\/2016\/11\/positivr_4.png?fit=768%2C287&ssl=1",768,287,true],"large":["https:\/\/i0.wp.com\/asimon.eu\/blog\/wp-content\/uploads\/2016\/11\/positivr_4.png?fit=843%2C315&ssl=1",843,315,true],"gs-tiny":["https:\/\/i0.wp.com\/asimon.eu\/blog\/wp-content\/uploads\/2016\/11\/positivr_4.png?fit=50%2C19&ssl=1",50,19,true],"xl":["https:\/\/i0.wp.com\/asimon.eu\/blog\/wp-content\/uploads\/2016\/11\/positivr_4.png?fit=1077%2C403&ssl=1",1077,403,true],"xxl":["https:\/\/i0.wp.com\/asimon.eu\/blog\/wp-content\/uploads\/2016\/11\/positivr_4.png?fit=1077%2C403&ssl=1",1077,403,true],"xxxl":["https:\/\/i0.wp.com\/asimon.eu\/blog\/wp-content\/uploads\/2016\/11\/positivr_4.png?fit=1077%2C403&ssl=1",1077,403,true],"xxxxl":["https:\/\/i0.wp.com\/asimon.eu\/blog\/wp-content\/uploads\/2016\/11\/positivr_4.png?fit=1077%2C403&ssl=1",1077,403,true],"xxxxxl":["https:\/\/i0.wp.com\/asimon.eu\/blog\/wp-content\/uploads\/2016\/11\/positivr_4.png?fit=1077%2C403&ssl=1",1077,403,true],"1536x1536":["https:\/\/i0.wp.com\/asimon.eu\/blog\/wp-content\/uploads\/2016\/11\/positivr_4.png?fit=1077%2C403&ssl=1",1077,403,true],"2048x2048":["https:\/\/i0.wp.com\/asimon.eu\/blog\/wp-content\/uploads\/2016\/11\/positivr_4.png?fit=1077%2C403&ssl=1",1077,403,true],"mailpoet_newsletter_max":["https:\/\/i0.wp.com\/asimon.eu\/blog\/wp-content\/uploads\/2016\/11\/positivr_4.png?fit=1077%2C403&ssl=1",1077,403,true]},"post_excerpt_stackable_v2":"<p>Sur le web, on trouve de tout, et parfois le meilleur &#8230;<\/p>\n","category_list_v2":"<a href=\"https:\/\/asimon.eu\/blog\/category\/societe\/\" rel=\"category tag\">Soci\u00e9t\u00e9<\/a>","author_info_v2":{"name":"Andr\u00e9","url":"https:\/\/asimon.eu\/blog\/author\/andre\/"},"comments_num_v2":"0 commentaire","yoast_head":"<!-- This site is optimized with the Yoast SEO plugin v27.5 - https:\/\/yoast.com\/product\/yoast-seo-wordpress\/ -->\n<title>Un journal des bonnes nouvelles ... - Cemondeblog<\/title>\n<meta name=\"description\" content=\"Le site fran\u00e7ais Positivr traque les bonnes nouvelles. Une petite lueur - une de plus - dans la grisaille.\" \/>\n<meta name=\"robots\" content=\"index, follow, max-snippet:-1, max-image-preview:large, max-video-preview:-1\" \/>\n<link rel=\"canonical\" href=\"https:\/\/asimon.eu\/blog\/societe\/un-journal-des-bonnes-nouvelles\/\" \/>\n<meta property=\"og:locale\" content=\"fr_FR\" \/>\n<meta property=\"og:type\" content=\"article\" \/>\n<meta property=\"og:title\" content=\"Un journal des bonnes nouvelles ... - Cemondeblog\" \/>\n<meta property=\"og:description\" content=\"Le site fran\u00e7ais Positivr traque les bonnes nouvelles. Une petite lueur - une de plus - dans la grisaille.\" \/>\n<meta property=\"og:url\" content=\"https:\/\/asimon.eu\/blog\/societe\/un-journal-des-bonnes-nouvelles\/\" \/>\n<meta property=\"og:site_name\" content=\"Cemondeblog\" \/>\n<meta property=\"article:published_time\" content=\"2024-10-26T11:18:06+00:00\" \/>\n<meta property=\"og:image\" content=\"https:\/\/asimon.eu\/blog\/wp-content\/uploads\/2016\/11\/positivr_4.png\" \/>\n\t<meta property=\"og:image:width\" content=\"1077\" \/>\n\t<meta property=\"og:image:height\" content=\"403\" \/>\n\t<meta property=\"og:image:type\" content=\"image\/png\" \/>\n<meta name=\"author\" content=\"Andr\u00e9\" \/>\n<meta name=\"twitter:card\" content=\"summary_large_image\" \/>\n<meta name=\"twitter:creator\" content=\"@olrik16\" \/>\n<meta name=\"twitter:site\" content=\"@olrik16\" \/>\n<meta name=\"twitter:label1\" content=\"\u00c9crit par\" \/>\n\t<meta name=\"twitter:data1\" content=\"Andr\u00e9\" \/>\n\t<meta name=\"twitter:label2\" content=\"Dur\u00e9e de lecture estim\u00e9e\" \/>\n\t<meta name=\"twitter:data2\" content=\"2 minutes\" \/>\n<script type=\"application\/ld+json\" class=\"yoast-schema-graph\">{\"@context\":\"https:\\\/\\\/schema.org\",\"@graph\":[{\"@type\":\"Article\",\"@id\":\"https:\\\/\\\/asimon.eu\\\/blog\\\/societe\\\/un-journal-des-bonnes-nouvelles\\\/#article\",\"isPartOf\":{\"@id\":\"https:\\\/\\\/asimon.eu\\\/blog\\\/societe\\\/un-journal-des-bonnes-nouvelles\\\/\"},\"author\":{\"name\":\"Andr\u00e9\",\"@id\":\"https:\\\/\\\/asimon.eu\\\/blog\\\/#\\\/schema\\\/person\\\/4aef5843155766a51be733fbdace4241\"},\"headline\":\"Un journal des bonnes nouvelles &#8230;\",\"datePublished\":\"2024-10-26T11:18:06+00:00\",\"mainEntityOfPage\":{\"@id\":\"https:\\\/\\\/asimon.eu\\\/blog\\\/societe\\\/un-journal-des-bonnes-nouvelles\\\/\"},\"wordCount\":287,\"commentCount\":0,\"publisher\":{\"@id\":\"https:\\\/\\\/asimon.eu\\\/blog\\\/#\\\/schema\\\/person\\\/4aef5843155766a51be733fbdace4241\"},\"image\":{\"@id\":\"https:\\\/\\\/asimon.eu\\\/blog\\\/societe\\\/un-journal-des-bonnes-nouvelles\\\/#primaryimage\"},\"thumbnailUrl\":\"https:\\\/\\\/i0.wp.com\\\/asimon.eu\\\/blog\\\/wp-content\\\/uploads\\\/2016\\\/11\\\/positivr_4.png?fit=1077%2C403&ssl=1\",\"keywords\":[\"eau\",\"Europe\",\"fran\u00e7ais\",\"handicap\",\"hasard\",\"jour\",\"jours\",\"Monde\",\"Soci\u00e9t\u00e9\"],\"articleSection\":[\"Soci\u00e9t\u00e9\"],\"inLanguage\":\"fr-FR\",\"potentialAction\":[{\"@type\":\"CommentAction\",\"name\":\"Comment\",\"target\":[\"https:\\\/\\\/asimon.eu\\\/blog\\\/societe\\\/un-journal-des-bonnes-nouvelles\\\/#respond\"]}]},{\"@type\":\"WebPage\",\"@id\":\"https:\\\/\\\/asimon.eu\\\/blog\\\/societe\\\/un-journal-des-bonnes-nouvelles\\\/\",\"url\":\"https:\\\/\\\/asimon.eu\\\/blog\\\/societe\\\/un-journal-des-bonnes-nouvelles\\\/\",\"name\":\"Un journal des bonnes nouvelles ... - Cemondeblog\",\"isPartOf\":{\"@id\":\"https:\\\/\\\/asimon.eu\\\/blog\\\/#website\"},\"primaryImageOfPage\":{\"@id\":\"https:\\\/\\\/asimon.eu\\\/blog\\\/societe\\\/un-journal-des-bonnes-nouvelles\\\/#primaryimage\"},\"image\":{\"@id\":\"https:\\\/\\\/asimon.eu\\\/blog\\\/societe\\\/un-journal-des-bonnes-nouvelles\\\/#primaryimage\"},\"thumbnailUrl\":\"https:\\\/\\\/i0.wp.com\\\/asimon.eu\\\/blog\\\/wp-content\\\/uploads\\\/2016\\\/11\\\/positivr_4.png?fit=1077%2C403&ssl=1\",\"datePublished\":\"2024-10-26T11:18:06+00:00\",\"description\":\"Le site fran\u00e7ais Positivr traque les bonnes nouvelles. Une petite lueur - une de plus - dans la grisaille.\",\"breadcrumb\":{\"@id\":\"https:\\\/\\\/asimon.eu\\\/blog\\\/societe\\\/un-journal-des-bonnes-nouvelles\\\/#breadcrumb\"},\"inLanguage\":\"fr-FR\",\"potentialAction\":[{\"@type\":\"ReadAction\",\"target\":[\"https:\\\/\\\/asimon.eu\\\/blog\\\/societe\\\/un-journal-des-bonnes-nouvelles\\\/\"]}]},{\"@type\":\"ImageObject\",\"inLanguage\":\"fr-FR\",\"@id\":\"https:\\\/\\\/asimon.eu\\\/blog\\\/societe\\\/un-journal-des-bonnes-nouvelles\\\/#primaryimage\",\"url\":\"https:\\\/\\\/i0.wp.com\\\/asimon.eu\\\/blog\\\/wp-content\\\/uploads\\\/2016\\\/11\\\/positivr_4.png?fit=1077%2C403&ssl=1\",\"contentUrl\":\"https:\\\/\\\/i0.wp.com\\\/asimon.eu\\\/blog\\\/wp-content\\\/uploads\\\/2016\\\/11\\\/positivr_4.png?fit=1077%2C403&ssl=1\",\"width\":1077,\"height\":403,\"caption\":\"positivr\"},{\"@type\":\"BreadcrumbList\",\"@id\":\"https:\\\/\\\/asimon.eu\\\/blog\\\/societe\\\/un-journal-des-bonnes-nouvelles\\\/#breadcrumb\",\"itemListElement\":[{\"@type\":\"ListItem\",\"position\":1,\"name\":\"Accueil\",\"item\":\"https:\\\/\\\/asimon.eu\\\/blog\\\/\"},{\"@type\":\"ListItem\",\"position\":2,\"name\":\"Soci\u00e9t\u00e9\",\"item\":\"https:\\\/\\\/asimon.eu\\\/blog\\\/category\\\/societe\\\/\"},{\"@type\":\"ListItem\",\"position\":3,\"name\":\"Un journal des bonnes nouvelles &#8230;\"}]},{\"@type\":\"WebSite\",\"@id\":\"https:\\\/\\\/asimon.eu\\\/blog\\\/#website\",\"url\":\"https:\\\/\\\/asimon.eu\\\/blog\\\/\",\"name\":\"Cemondeblog\",\"description\":\"Ce monde o\u00f9 je vis, o\u00f9 nous vivons.\",\"publisher\":{\"@id\":\"https:\\\/\\\/asimon.eu\\\/blog\\\/#\\\/schema\\\/person\\\/4aef5843155766a51be733fbdace4241\"},\"potentialAction\":[{\"@type\":\"SearchAction\",\"target\":{\"@type\":\"EntryPoint\",\"urlTemplate\":\"https:\\\/\\\/asimon.eu\\\/blog\\\/?s={search_term_string}\"},\"query-input\":{\"@type\":\"PropertyValueSpecification\",\"valueRequired\":true,\"valueName\":\"search_term_string\"}}],\"inLanguage\":\"fr-FR\"},{\"@type\":[\"Person\",\"Organization\"],\"@id\":\"https:\\\/\\\/asimon.eu\\\/blog\\\/#\\\/schema\\\/person\\\/4aef5843155766a51be733fbdace4241\",\"name\":\"Andr\u00e9\",\"image\":{\"@type\":\"ImageObject\",\"inLanguage\":\"fr-FR\",\"@id\":\"https:\\\/\\\/i0.wp.com\\\/asimon.eu\\\/blog\\\/wp-content\\\/uploads\\\/2019\\\/12\\\/cropped-rancheria-14.png?fit=1597%2C422&ssl=1\",\"url\":\"https:\\\/\\\/i0.wp.com\\\/asimon.eu\\\/blog\\\/wp-content\\\/uploads\\\/2019\\\/12\\\/cropped-rancheria-14.png?fit=1597%2C422&ssl=1\",\"contentUrl\":\"https:\\\/\\\/i0.wp.com\\\/asimon.eu\\\/blog\\\/wp-content\\\/uploads\\\/2019\\\/12\\\/cropped-rancheria-14.png?fit=1597%2C422&ssl=1\",\"width\":1597,\"height\":422,\"caption\":\"Andr\u00e9\"},\"logo\":{\"@id\":\"https:\\\/\\\/i0.wp.com\\\/asimon.eu\\\/blog\\\/wp-content\\\/uploads\\\/2019\\\/12\\\/cropped-rancheria-14.png?fit=1597%2C422&ssl=1\"},\"description\":\"Et la vie va ...\",\"sameAs\":[\"https:\\\/\\\/asimon.eu\"]}]}<\/script>\n<!-- \/ Yoast SEO plugin. -->","yoast_head_json":{"title":"Un journal des bonnes nouvelles ... - Cemondeblog","description":"Le site fran\u00e7ais Positivr traque les bonnes nouvelles. Une petite lueur - une de plus - dans la grisaille.","robots":{"index":"index","follow":"follow","max-snippet":"max-snippet:-1","max-image-preview":"max-image-preview:large","max-video-preview":"max-video-preview:-1"},"canonical":"https:\/\/asimon.eu\/blog\/societe\/un-journal-des-bonnes-nouvelles\/","og_locale":"fr_FR","og_type":"article","og_title":"Un journal des bonnes nouvelles ... - Cemondeblog","og_description":"Le site fran\u00e7ais Positivr traque les bonnes nouvelles. Une petite lueur - une de plus - dans la grisaille.","og_url":"https:\/\/asimon.eu\/blog\/societe\/un-journal-des-bonnes-nouvelles\/","og_site_name":"Cemondeblog","article_published_time":"2024-10-26T11:18:06+00:00","og_image":[{"width":1077,"height":403,"url":"https:\/\/asimon.eu\/blog\/wp-content\/uploads\/2016\/11\/positivr_4.png","type":"image\/png"}],"author":"Andr\u00e9","twitter_card":"summary_large_image","twitter_creator":"@olrik16","twitter_site":"@olrik16","twitter_misc":{"\u00c9crit par":"Andr\u00e9","Dur\u00e9e de lecture estim\u00e9e":"2 minutes"},"schema":{"@context":"https:\/\/schema.org","@graph":[{"@type":"Article","@id":"https:\/\/asimon.eu\/blog\/societe\/un-journal-des-bonnes-nouvelles\/#article","isPartOf":{"@id":"https:\/\/asimon.eu\/blog\/societe\/un-journal-des-bonnes-nouvelles\/"},"author":{"name":"Andr\u00e9","@id":"https:\/\/asimon.eu\/blog\/#\/schema\/person\/4aef5843155766a51be733fbdace4241"},"headline":"Un journal des bonnes nouvelles &#8230;","datePublished":"2024-10-26T11:18:06+00:00","mainEntityOfPage":{"@id":"https:\/\/asimon.eu\/blog\/societe\/un-journal-des-bonnes-nouvelles\/"},"wordCount":287,"commentCount":0,"publisher":{"@id":"https:\/\/asimon.eu\/blog\/#\/schema\/person\/4aef5843155766a51be733fbdace4241"},"image":{"@id":"https:\/\/asimon.eu\/blog\/societe\/un-journal-des-bonnes-nouvelles\/#primaryimage"},"thumbnailUrl":"https:\/\/i0.wp.com\/asimon.eu\/blog\/wp-content\/uploads\/2016\/11\/positivr_4.png?fit=1077%2C403&ssl=1","keywords":["eau","Europe","fran\u00e7ais","handicap","hasard","jour","jours","Monde","Soci\u00e9t\u00e9"],"articleSection":["Soci\u00e9t\u00e9"],"inLanguage":"fr-FR","potentialAction":[{"@type":"CommentAction","name":"Comment","target":["https:\/\/asimon.eu\/blog\/societe\/un-journal-des-bonnes-nouvelles\/#respond"]}]},{"@type":"WebPage","@id":"https:\/\/asimon.eu\/blog\/societe\/un-journal-des-bonnes-nouvelles\/","url":"https:\/\/asimon.eu\/blog\/societe\/un-journal-des-bonnes-nouvelles\/","name":"Un journal des bonnes nouvelles ... - Cemondeblog","isPartOf":{"@id":"https:\/\/asimon.eu\/blog\/#website"},"primaryImageOfPage":{"@id":"https:\/\/asimon.eu\/blog\/societe\/un-journal-des-bonnes-nouvelles\/#primaryimage"},"image":{"@id":"https:\/\/asimon.eu\/blog\/societe\/un-journal-des-bonnes-nouvelles\/#primaryimage"},"thumbnailUrl":"https:\/\/i0.wp.com\/asimon.eu\/blog\/wp-content\/uploads\/2016\/11\/positivr_4.png?fit=1077%2C403&ssl=1","datePublished":"2024-10-26T11:18:06+00:00","description":"Le site fran\u00e7ais Positivr traque les bonnes nouvelles. Une petite lueur - une de plus - dans la grisaille.","breadcrumb":{"@id":"https:\/\/asimon.eu\/blog\/societe\/un-journal-des-bonnes-nouvelles\/#breadcrumb"},"inLanguage":"fr-FR","potentialAction":[{"@type":"ReadAction","target":["https:\/\/asimon.eu\/blog\/societe\/un-journal-des-bonnes-nouvelles\/"]}]},{"@type":"ImageObject","inLanguage":"fr-FR","@id":"https:\/\/asimon.eu\/blog\/societe\/un-journal-des-bonnes-nouvelles\/#primaryimage","url":"https:\/\/i0.wp.com\/asimon.eu\/blog\/wp-content\/uploads\/2016\/11\/positivr_4.png?fit=1077%2C403&ssl=1","contentUrl":"https:\/\/i0.wp.com\/asimon.eu\/blog\/wp-content\/uploads\/2016\/11\/positivr_4.png?fit=1077%2C403&ssl=1","width":1077,"height":403,"caption":"positivr"},{"@type":"BreadcrumbList","@id":"https:\/\/asimon.eu\/blog\/societe\/un-journal-des-bonnes-nouvelles\/#breadcrumb","itemListElement":[{"@type":"ListItem","position":1,"name":"Accueil","item":"https:\/\/asimon.eu\/blog\/"},{"@type":"ListItem","position":2,"name":"Soci\u00e9t\u00e9","item":"https:\/\/asimon.eu\/blog\/category\/societe\/"},{"@type":"ListItem","position":3,"name":"Un journal des bonnes nouvelles &#8230;"}]},{"@type":"WebSite","@id":"https:\/\/asimon.eu\/blog\/#website","url":"https:\/\/asimon.eu\/blog\/","name":"Cemondeblog","description":"Ce monde o\u00f9 je vis, o\u00f9 nous vivons.","publisher":{"@id":"https:\/\/asimon.eu\/blog\/#\/schema\/person\/4aef5843155766a51be733fbdace4241"},"potentialAction":[{"@type":"SearchAction","target":{"@type":"EntryPoint","urlTemplate":"https:\/\/asimon.eu\/blog\/?s={search_term_string}"},"query-input":{"@type":"PropertyValueSpecification","valueRequired":true,"valueName":"search_term_string"}}],"inLanguage":"fr-FR"},{"@type":["Person","Organization"],"@id":"https:\/\/asimon.eu\/blog\/#\/schema\/person\/4aef5843155766a51be733fbdace4241","name":"Andr\u00e9","image":{"@type":"ImageObject","inLanguage":"fr-FR","@id":"https:\/\/i0.wp.com\/asimon.eu\/blog\/wp-content\/uploads\/2019\/12\/cropped-rancheria-14.png?fit=1597%2C422&ssl=1","url":"https:\/\/i0.wp.com\/asimon.eu\/blog\/wp-content\/uploads\/2019\/12\/cropped-rancheria-14.png?fit=1597%2C422&ssl=1","contentUrl":"https:\/\/i0.wp.com\/asimon.eu\/blog\/wp-content\/uploads\/2019\/12\/cropped-rancheria-14.png?fit=1597%2C422&ssl=1","width":1597,"height":422,"caption":"Andr\u00e9"},"logo":{"@id":"https:\/\/i0.wp.com\/asimon.eu\/blog\/wp-content\/uploads\/2019\/12\/cropped-rancheria-14.png?fit=1597%2C422&ssl=1"},"description":"Et la vie va ...","sameAs":["https:\/\/asimon.eu"]}]}},"modified_by":"Andr\u00e9","jetpack_publicize_connections":[],"jetpack_featured_media_url":"https:\/\/i0.wp.com\/asimon.eu\/blog\/wp-content\/uploads\/2016\/11\/positivr_4.png?fit=1077%2C403&ssl=1","uagb_featured_image_src":{"full":["https:\/\/i0.wp.com\/asimon.eu\/blog\/wp-content\/uploads\/2016\/11\/positivr_4.png?fit=1077%2C403&ssl=1",1077,403,false],"thumbnail":["https:\/\/i0.wp.com\/asimon.eu\/blog\/wp-content\/uploads\/2016\/11\/positivr_4.png?resize=150%2C150&ssl=1",150,150,true],"medium":["https:\/\/i0.wp.com\/asimon.eu\/blog\/wp-content\/uploads\/2016\/11\/positivr_4.png?fit=300%2C112&ssl=1",300,112,true],"medium_large":["https:\/\/i0.wp.com\/asimon.eu\/blog\/wp-content\/uploads\/2016\/11\/positivr_4.png?fit=768%2C287&ssl=1",768,287,true],"large":["https:\/\/i0.wp.com\/asimon.eu\/blog\/wp-content\/uploads\/2016\/11\/positivr_4.png?fit=843%2C315&ssl=1",843,315,true],"gs-tiny":["https:\/\/i0.wp.com\/asimon.eu\/blog\/wp-content\/uploads\/2016\/11\/positivr_4.png?fit=50%2C19&ssl=1",50,19,true],"xl":["https:\/\/i0.wp.com\/asimon.eu\/blog\/wp-content\/uploads\/2016\/11\/positivr_4.png?fit=1077%2C403&ssl=1",1077,403,true],"xxl":["https:\/\/i0.wp.com\/asimon.eu\/blog\/wp-content\/uploads\/2016\/11\/positivr_4.png?fit=1077%2C403&ssl=1",1077,403,true],"xxxl":["https:\/\/i0.wp.com\/asimon.eu\/blog\/wp-content\/uploads\/2016\/11\/positivr_4.png?fit=1077%2C403&ssl=1",1077,403,true],"xxxxl":["https:\/\/i0.wp.com\/asimon.eu\/blog\/wp-content\/uploads\/2016\/11\/positivr_4.png?fit=1077%2C403&ssl=1",1077,403,true],"xxxxxl":["https:\/\/i0.wp.com\/asimon.eu\/blog\/wp-content\/uploads\/2016\/11\/positivr_4.png?fit=1077%2C403&ssl=1",1077,403,true],"1536x1536":["https:\/\/i0.wp.com\/asimon.eu\/blog\/wp-content\/uploads\/2016\/11\/positivr_4.png?fit=1077%2C403&ssl=1",1077,403,true],"2048x2048":["https:\/\/i0.wp.com\/asimon.eu\/blog\/wp-content\/uploads\/2016\/11\/positivr_4.png?fit=1077%2C403&ssl=1",1077,403,true],"mailpoet_newsletter_max":["https:\/\/i0.wp.com\/asimon.eu\/blog\/wp-content\/uploads\/2016\/11\/positivr_4.png?fit=1077%2C403&ssl=1",1077,403,true]},"uagb_author_info":{"display_name":"Andr\u00e9","author_link":"https:\/\/asimon.eu\/blog\/author\/andre\/"},"uagb_comment_info":0,"uagb_excerpt":"Sur le web, on trouve de tout, et parfois le meilleur ...","jetpack-related-posts":[{"id":1587,"url":"https:\/\/asimon.eu\/blog\/migrations\/1587\/","url_meta":{"origin":3079,"position":0},"title":"Du sang et des larmes.","author":"Andr\u00e9","date":"3 juin 2024","format":false,"excerpt":"un d\u00e9put\u00e9 europ\u00e9en aussi indign\u00e9 que moi ...","rel":"","context":"Dans &quot;Belgique&quot;","block_context":{"text":"Belgique","link":"https:\/\/asimon.eu\/blog\/category\/belgique\/"},"img":{"alt_text":"","src":"https:\/\/i0.wp.com\/asimon.eu\/blog\/wp-content\/uploads\/2021\/06\/lambertz.png?fit=1200%2C618&ssl=1&resize=350%2C200","width":350,"height":200,"srcset":"https:\/\/i0.wp.com\/asimon.eu\/blog\/wp-content\/uploads\/2021\/06\/lambertz.png?fit=1200%2C618&ssl=1&resize=350%2C200 1x, https:\/\/i0.wp.com\/asimon.eu\/blog\/wp-content\/uploads\/2021\/06\/lambertz.png?fit=1200%2C618&ssl=1&resize=525%2C300 1.5x, https:\/\/i0.wp.com\/asimon.eu\/blog\/wp-content\/uploads\/2021\/06\/lambertz.png?fit=1200%2C618&ssl=1&resize=700%2C400 2x, https:\/\/i0.wp.com\/asimon.eu\/blog\/wp-content\/uploads\/2021\/06\/lambertz.png?fit=1200%2C618&ssl=1&resize=1050%2C600 3x"},"classes":[]},{"id":2397,"url":"https:\/\/asimon.eu\/blog\/belgique\/dehors-on-ferme\/","url_meta":{"origin":3079,"position":1},"title":"Dehors ! On ferme !!!","author":"Andr\u00e9","date":"6 septembre 2024","format":false,"excerpt":"Ne peut-on vraiment pas consid\u00e9rer les pauvres, malheureux, sans abri, r\u00e9fugi\u00e9s comme des personnes humaines ?","rel":"","context":"Dans &quot;Belgique&quot;","block_context":{"text":"Belgique","link":"https:\/\/asimon.eu\/blog\/category\/belgique\/"},"img":{"alt_text":"","src":"","width":0,"height":0},"classes":[]},{"id":1010,"url":"https:\/\/asimon.eu\/blog\/migrations\/ouvertement-ou-en-douce\/","url_meta":{"origin":3079,"position":2},"title":"Ouvertement, ou en douce ?","author":"Andr\u00e9","date":"9 avril 2024","format":false,"excerpt":"Il y a peu, je m\u2019indignais ...","rel":"","context":"Dans &quot;Belgique&quot;","block_context":{"text":"Belgique","link":"https:\/\/asimon.eu\/blog\/category\/belgique\/"},"img":{"alt_text":"poubelle","src":"https:\/\/i0.wp.com\/asimon.eu\/blog\/wp-content\/uploads\/2016\/02\/zeebrugge_refugies.jpg?fit=940%2C470&ssl=1&resize=350%2C200","width":350,"height":200,"srcset":"https:\/\/i0.wp.com\/asimon.eu\/blog\/wp-content\/uploads\/2016\/02\/zeebrugge_refugies.jpg?fit=940%2C470&ssl=1&resize=350%2C200 1x, https:\/\/i0.wp.com\/asimon.eu\/blog\/wp-content\/uploads\/2016\/02\/zeebrugge_refugies.jpg?fit=940%2C470&ssl=1&resize=525%2C300 1.5x, https:\/\/i0.wp.com\/asimon.eu\/blog\/wp-content\/uploads\/2016\/02\/zeebrugge_refugies.jpg?fit=940%2C470&ssl=1&resize=700%2C400 2x"},"classes":[]},{"id":2802,"url":"https:\/\/asimon.eu\/blog\/societe\/des-gens-bien\/","url_meta":{"origin":3079,"position":3},"title":"Des gens bien.","author":"Andr\u00e9","date":"14 octobre 2024","format":false,"excerpt":"La petite pierre apport\u00e9e \u00e0 l\u2019\u00e9difice a un sens, la goutte d\u2019eau dans l\u2019oc\u00e9an n\u2019est pas perdue ...","rel":"","context":"Dans &quot;Soci\u00e9t\u00e9&quot;","block_context":{"text":"Soci\u00e9t\u00e9","link":"https:\/\/asimon.eu\/blog\/category\/societe\/"},"img":{"alt_text":"gens","src":"https:\/\/i0.wp.com\/asimon.eu\/blog\/wp-content\/uploads\/2016\/10\/demain-logo.jpg?fit=1000%2C289&ssl=1&resize=350%2C200","width":350,"height":200,"srcset":"https:\/\/i0.wp.com\/asimon.eu\/blog\/wp-content\/uploads\/2016\/10\/demain-logo.jpg?fit=1000%2C289&ssl=1&resize=350%2C200 1x, https:\/\/i0.wp.com\/asimon.eu\/blog\/wp-content\/uploads\/2016\/10\/demain-logo.jpg?fit=1000%2C289&ssl=1&resize=525%2C300 1.5x, https:\/\/i0.wp.com\/asimon.eu\/blog\/wp-content\/uploads\/2016\/10\/demain-logo.jpg?fit=1000%2C289&ssl=1&resize=700%2C400 2x"},"classes":[]},{"id":3561,"url":"https:\/\/asimon.eu\/blog\/reflexions\/bonne-annee-quils-disaient\/","url_meta":{"origin":3079,"position":4},"title":"Bonne ann\u00e9e, qu&rsquo;ils disaient &#8230;","author":"Andr\u00e9","date":"20 novembre 2024","format":false,"excerpt":"Il y a quelques jours \u00e0 peine, on s'\u00e9changeait des \"bonne ann\u00e9e !\" et des \"meilleurs v\u0153ux !\"","rel":"","context":"Dans &quot;R\u00e9flexions&quot;","block_context":{"text":"R\u00e9flexions","link":"https:\/\/asimon.eu\/blog\/category\/reflexions\/"},"img":{"alt_text":"","src":"","width":0,"height":0},"classes":[]},{"id":2974,"url":"https:\/\/asimon.eu\/blog\/societe\/le-chaud-et-le-froid\/","url_meta":{"origin":3079,"position":5},"title":"Le chaud et le froid.","author":"Andr\u00e9","date":"23 octobre 2024","format":false,"excerpt":"Au secours ! Mais d\u2019o\u00f9 ce secours peut-il d\u00e9sormais venir ?","rel":"","context":"Dans &quot;Soci\u00e9t\u00e9&quot;","block_context":{"text":"Soci\u00e9t\u00e9","link":"https:\/\/asimon.eu\/blog\/category\/societe\/"},"img":{"alt_text":"terrorisme","src":"https:\/\/i0.wp.com\/asimon.eu\/blog\/wp-content\/uploads\/2016\/11\/trump.jpg?fit=889%2C500&ssl=1&resize=350%2C200","width":350,"height":200,"srcset":"https:\/\/i0.wp.com\/asimon.eu\/blog\/wp-content\/uploads\/2016\/11\/trump.jpg?fit=889%2C500&ssl=1&resize=350%2C200 1x, https:\/\/i0.wp.com\/asimon.eu\/blog\/wp-content\/uploads\/2016\/11\/trump.jpg?fit=889%2C500&ssl=1&resize=525%2C300 1.5x, https:\/\/i0.wp.com\/asimon.eu\/blog\/wp-content\/uploads\/2016\/11\/trump.jpg?fit=889%2C500&ssl=1&resize=700%2C400 2x"},"classes":[]}],"jetpack_shortlink":"https:\/\/wp.me\/p9rk1P-NF","jetpack_sharing_enabled":true,"jetpack_likes_enabled":true,"_links":{"self":[{"href":"https:\/\/asimon.eu\/blog\/wp-json\/wp\/v2\/posts\/3079","targetHints":{"allow":["GET"]}}],"collection":[{"href":"https:\/\/asimon.eu\/blog\/wp-json\/wp\/v2\/posts"}],"about":[{"href":"https:\/\/asimon.eu\/blog\/wp-json\/wp\/v2\/types\/post"}],"author":[{"embeddable":true,"href":"https:\/\/asimon.eu\/blog\/wp-json\/wp\/v2\/users\/1"}],"replies":[{"embeddable":true,"href":"https:\/\/asimon.eu\/blog\/wp-json\/wp\/v2\/comments?post=3079"}],"version-history":[{"count":3,"href":"https:\/\/asimon.eu\/blog\/wp-json\/wp\/v2\/posts\/3079\/revisions"}],"predecessor-version":[{"id":486596,"href":"https:\/\/asimon.eu\/blog\/wp-json\/wp\/v2\/posts\/3079\/revisions\/486596"}],"wp:featuredmedia":[{"embeddable":true,"href":"https:\/\/asimon.eu\/blog\/wp-json\/wp\/v2\/media\/3865"}],"wp:attachment":[{"href":"https:\/\/asimon.eu\/blog\/wp-json\/wp\/v2\/media?parent=3079"}],"wp:term":[{"taxonomy":"category","embeddable":true,"href":"https:\/\/asimon.eu\/blog\/wp-json\/wp\/v2\/categories?post=3079"},{"taxonomy":"post_tag","embeddable":true,"href":"https:\/\/asimon.eu\/blog\/wp-json\/wp\/v2\/tags?post=3079"}],"curies":[{"name":"wp","href":"https:\/\/api.w.org\/{rel}","templated":true}]}}