{"id":475238,"date":"2025-12-20T07:48:24","date_gmt":"2025-12-20T06:48:24","guid":{"rendered":"https:\/\/asimon.eu\/blog\/?p=475238"},"modified":"2025-12-20T07:48:24","modified_gmt":"2025-12-20T06:48:24","slug":"saisons","status":"publish","type":"post","link":"https:\/\/asimon.eu\/blog\/poemes\/saisons\/","title":{"rendered":"Saisons"},"content":{"rendered":"\n<div class=\"wp-block-ugb-container ugb-container ugb-container--width-small ugb-be50018 ugb-container--v2 ugb-container--design-basic ugb-main-block\"><style>.ugb-be50018-wrapper.ugb-container__wrapper{padding-top:0 !important;padding-bottom:0 !important;background-image:url(https:\/\/asimon.eu\/blog\/wp-content\/uploads\/2020\/01\/cahier_vert.png)}.ugb-be50018-wrapper > .ugb-container__side{padding-top:35px !important;padding-bottom:35px !important}.ugb-be50018-wrapper.ugb-container__wrapper:before{opacity:0.5}<\/style><div class=\"ugb-inner-block\"><div class=\"ugb-block-content\"><div class=\"ugb-container__wrapper ugb-be50018-wrapper ugb--has-background-overlay\"><div class=\"ugb-container__side\"><div class=\"ugb-container__content-wrapper ugb-be50018-content-wrapper\">\n<div class=\"wp-block-ugb-container ugb-container ugb-container--width-small ugb-6c54a3d ugb-container--v2 ugb-container--design-plain ugb-main-block ugb--has-custom-content-width\"><style>.ugb-6c54a3d-wrapper > .ugb-container__side{padding-top:35px !important;padding-bottom:35px !important}.ugb-6c54a3d-wrapper.ugb-container__wrapper{padding-top:0 !important;padding-bottom:0 !important}.ugb-6c54a3d.ugb-container{opacity:1 !important}.ugb-6c54a3d.ugb-container > .ugb-inner-block{max-width:400px !important}<\/style><div class=\"ugb-inner-block\"><div class=\"ugb-block-content\"><div class=\"ugb-container__wrapper ugb-6c54a3d-wrapper\"><div class=\"ugb-container__side\"><div class=\"ugb-container__content-wrapper ugb-6c54a3d-content-wrapper\">\n<p class=\"has-text-align-center\"><em><span style=\"color: #0c518e;\" class=\"stk-highlight\"><strong>Extrait du <a href=\"https:\/\/asimon.eu\/blog\/le-cahier-vert\/le-cahier-vert\/\" target=\"_blank\" rel=\"noreferrer noopener\">Cahier vert<\/a><\/strong><\/span><\/em><\/p>\n<\/div><\/div><\/div><\/div><\/div><\/div>\n<\/div><\/div><\/div><\/div><\/div><\/div>\n\n\n\n<div class=\"wp-block-ugb-container ugb-container ugb-container--width-small ugb-0ec9259 ugb-container--v2 ugb-container--design-basic ugb-main-block ugb--hide-mobile\"><style>.ugb-0ec9259-wrapper.ugb-container__wrapper{padding-top:0 !important;padding-bottom:0 !important;background-attachment:fixed;background-image:url(https:\/\/asimon.eu\/blog\/wp-content\/uploads\/2020\/04\/Saisons_manuscrit_droite.jpg)}.ugb-0ec9259-wrapper > .ugb-container__side{padding-top:35px !important;padding-bottom:35px !important}.ugb-0ec9259-wrapper.ugb-container__wrapper:before{opacity:0.5}<\/style><div class=\"ugb-inner-block\"><div class=\"ugb-block-content\"><div class=\"ugb-container__wrapper ugb-0ec9259-wrapper ugb--has-background-overlay\"><div class=\"ugb-container__side\"><div class=\"ugb-container__content-wrapper ugb-0ec9259-content-wrapper\">\n<div class=\"wp-block-ugb-container ugb-container ugb-container--width-small ugb-5cef740 ugb-container--v2 ugb-container--design-basic ugb-main-block\"><style>.ugb-5cef740-wrapper.ugb-container__wrapper{padding-top:0 !important;padding-bottom:0 !important;background-color:rgba(255,255,255,0.8) !important}.ugb-5cef740-wrapper > .ugb-container__side{padding-top:35px !important;padding-bottom:35px !important}<\/style><div class=\"ugb-inner-block\"><div class=\"ugb-block-content\"><div class=\"ugb-container__wrapper ugb-5cef740-wrapper\"><div class=\"ugb-container__side\"><div class=\"ugb-container__content-wrapper ugb-5cef740-content-wrapper\">\n<p>J&rsquo;ai demand\u00e9 \u00e0 l&rsquo;\u00e9t\u00e9:<br>\u00ab\u00a0Dessine-moi la chaleur.\u00a0\u00bb<br>Et il a dessin\u00e9 un rayon<br>&#8230; un rayon de soleil.<\/p>\n\n\n\n<p>J&rsquo;ai demand\u00e9 \u00e0 l&rsquo;hiver:<br>\u00ab\u00a0Dessine-moi le froid.\u00a0\u00bb<br>Et il a dessin\u00e9 un cristal<br>&#8230; un cristal de neige.<\/p>\n\n\n\n<p>J&rsquo;ai demand\u00e9 au printemps:<br>\u00ab\u00a0Dessine-moi la vie.\u00a0\u00bb<br>Et il m&rsquo;a dessin\u00e9 un bouton<br>&#8230; un bouton de fleur.<\/p>\n\n\n\n<p>J&rsquo;ai demand\u00e9 \u00e0 l&rsquo;automne:<br>\u00ab\u00a0Dessine-moi la mort.\u00a0\u00bb<br>Et il m&rsquo;a dessin\u00e9 une feuille<br>&#8230; une feuille d&rsquo;arbre<br>qui tombait.<\/p>\n\n\n\n<p>J&rsquo;ai demand\u00e9 \u00e0 l&rsquo;oiseau:<br>\u00ab\u00a0Dessine-moi la libert\u00e9.\u00a0\u00bb<br>Il a pris toutes ses plumes<br>et il est parti.<br>Puis il est revenu<br>et m&rsquo;a dit: \u00ab\u00a0Voil\u00e0!\u00a0\u00bb<br>en me montrant le ciel.<\/p>\n\n\n\n<p>J&rsquo;ai demand\u00e9 \u00e0 un homme:<br>\u00ab\u00a0Dessine-moi<br>le chaud et le froid,<br>la vie et la mort<br>et la libert\u00e9.\u00a0\u00bb<br>Et il a dessin\u00e9 un fusil<br>tr\u00e8s mal<br>car il ne savait pas dessiner.<\/p>\n\n\n\n<p class=\"has-text-align-right\"><sup>Le 12 d\u00e9cembre 1969<\/sup><\/p>\n<\/div><\/div><\/div><\/div><\/div><\/div>\n<\/div><\/div><\/div><\/div><\/div><\/div>\n\n\n\n<div class=\"wp-block-ugb-container ugb-container ugb-container--width-small ugb-6045578 ugb-container--v2 ugb-container--design-plain ugb-main-block ugb--hide-desktop ugb--hide-tablet\"><style>.ugb-6045578-wrapper > .ugb-container__side{padding-top:35px !important;padding-bottom:35px !important}.ugb-6045578-wrapper.ugb-container__wrapper{padding-top:0 !important;padding-bottom:0 !important}<\/style><div class=\"ugb-inner-block\"><div class=\"ugb-block-content\"><div class=\"ugb-container__wrapper ugb-6045578-wrapper\"><div class=\"ugb-container__side\"><div class=\"ugb-container__content-wrapper ugb-6045578-content-wrapper\">\n<p>J\u2019ai demand\u00e9 \u00e0 l\u2019\u00e9t\u00e9:<br>\u00ab&nbsp;Dessine-moi la chaleur.&nbsp;\u00bb<br>Et il a dessin\u00e9 un rayon<br>\u2026 un rayon de soleil.<\/p>\n\n\n\n<p>J\u2019ai demand\u00e9 \u00e0 l\u2019<a href=\"https:\/\/asimon.eu\/blog\/tag\/hiver\/\">hiver<\/a>:<br>\u00ab&nbsp;Dessine-moi le froid.&nbsp;\u00bb<br>Et il a dessin\u00e9 un cristal<br>\u2026 un cristal de neige.<\/p>\n\n\n\n<p>J\u2019ai demand\u00e9 au <a href=\"https:\/\/asimon.eu\/blog\/tag\/printemps\/\">printemps<\/a>:<br>\u00ab&nbsp;Dessine-moi la vie.&nbsp;\u00bb<br>Et il m\u2019a dessin\u00e9 un bouton<br>\u2026 un bouton de fleur.<\/p>\n\n\n\n<p>J\u2019ai demand\u00e9 \u00e0 l\u2019automne:<br>\u00ab&nbsp;Dessine-moi la <a href=\"https:\/\/asimon.eu\/blog\/tag\/mort\/\">mort<\/a>.&nbsp;\u00bb<br>Et il m\u2019a dessin\u00e9 une feuille<br>\u2026 une feuille d\u2019arbre<br>qui tombait.<\/p>\n\n\n\n<p>J\u2019ai demand\u00e9 \u00e0 l\u2019oiseau:<br>\u00ab&nbsp;Dessine-moi la libert\u00e9.&nbsp;\u00bb<br>Il a pris toutes ses plumes<br>et il est parti.<br>Puis il est revenu<br>et m\u2019a dit: \u00ab&nbsp;Voil\u00e0!&nbsp;\u00bb<br>en me montrant le ciel.<\/p>\n\n\n\n<p>J\u2019ai demand\u00e9 \u00e0 un homme:<br>\u00ab&nbsp;Dessine-moi<br>le chaud et le froid,<br>la vie et la mort<br>et la libert\u00e9.&nbsp;\u00bb<br>Et il a dessin\u00e9 un fusil<br>tr\u00e8s mal<br>car il ne savait pas dessiner.<\/p>\n\n\n\n<p class=\"has-text-align-right\"><sup>Le 12 d\u00e9cembre 1969<\/sup><\/p>\n<\/div><\/div><\/div><\/div><\/div><\/div>\n\n\n\n<div class=\"wp-block-ugb-button ugb-button-wrapper ugb-5518c85 ugb-main-block\"><style>.ugb-5518c85 .ugb-button1 .ugb-button--inner{font-family:\"Nothing You Could Do\",Sans-serif !important}<\/style><div class=\"ugb-inner-block\"><div class=\"ugb-block-content\"><div class=\"ugb-button-container\"><a class=\"ugb-button1 ugb-button ugb-button--size-normal ugb-button--design-ghost\" href=\"https:\/\/asimon.eu\/blog\/wp-content\/uploads\/2020\/04\/Saisons_manuscrit.jpg\" target=\"_blank\" rel=\"noopener noreferrer\" title=\"\"><span class=\"ugb-button--inner\">Manuscrit<\/span><\/a><\/div><\/div><\/div><\/div>\n","protected":false},"excerpt":{"rendered":"<p>.<br \/>\nJ&rsquo;ai demand\u00e9 \u00e0 l&rsquo;\u00e9t\u00e9 <\/p>\n","protected":false},"author":1,"featured_media":473809,"comment_status":"open","ping_status":"open","sticky":false,"template":"","format":"standard","meta":{"_uag_custom_page_level_css":"","_lmt_disableupdate":"no","_lmt_disable":"","h5ap_radio_sources":[],"jetpack_post_was_ever_published":false,"_jetpack_newsletter_access":"","_jetpack_dont_email_post_to_subs":false,"_jetpack_newsletter_tier_id":0,"_jetpack_memberships_contains_paywalled_content":false,"_jetpack_memberships_contains_paid_content":false,"footnotes":"","jetpack_publicize_message":"","jetpack_publicize_feature_enabled":true,"jetpack_social_post_already_shared":false,"jetpack_social_options":{"image_generator_settings":{"template":"highway","default_image_id":0,"font":"","enabled":false},"version":2}},"categories":[168,526],"tags":[386,322,481,423,399,112,187,109,273,203,190,239,241],"class_list":["post-475238","post","type-post","status-publish","format-standard","has-post-thumbnail","hentry","category-le-cahier-vert","category-poemes","tag-automne","tag-chaleur","tag-ciel","tag-decembre","tag-froid","tag-hiver","tag-lumiere","tag-mort","tag-neige","tag-oiseau","tag-printemps","tag-soleil","tag-vie"],"featured_image_urls_v2":{"full":["https:\/\/i0.wp.com\/asimon.eu\/blog\/wp-content\/uploads\/2020\/01\/cahier_vert.png?fit=600%2C800&ssl=1",600,800,false],"thumbnail":["https:\/\/i0.wp.com\/asimon.eu\/blog\/wp-content\/uploads\/2020\/01\/cahier_vert.png?resize=150%2C150&ssl=1",150,150,true],"medium":["https:\/\/i0.wp.com\/asimon.eu\/blog\/wp-content\/uploads\/2020\/01\/cahier_vert.png?fit=225%2C300&ssl=1",225,300,true],"medium_large":["https:\/\/i0.wp.com\/asimon.eu\/blog\/wp-content\/uploads\/2020\/01\/cahier_vert.png?fit=600%2C800&ssl=1",600,800,true],"large":["https:\/\/i0.wp.com\/asimon.eu\/blog\/wp-content\/uploads\/2020\/01\/cahier_vert.png?fit=600%2C800&ssl=1",600,800,true],"gs-tiny":["https:\/\/i0.wp.com\/asimon.eu\/blog\/wp-content\/uploads\/2020\/01\/cahier_vert.png?fit=50%2C67&ssl=1",50,67,true],"xl":["https:\/\/i0.wp.com\/asimon.eu\/blog\/wp-content\/uploads\/2020\/01\/cahier_vert.png?fit=600%2C800&ssl=1",600,800,true],"xxl":["https:\/\/i0.wp.com\/asimon.eu\/blog\/wp-content\/uploads\/2020\/01\/cahier_vert.png?fit=600%2C800&ssl=1",600,800,true],"xxxl":["https:\/\/i0.wp.com\/asimon.eu\/blog\/wp-content\/uploads\/2020\/01\/cahier_vert.png?fit=600%2C800&ssl=1",600,800,true],"xxxxl":["https:\/\/i0.wp.com\/asimon.eu\/blog\/wp-content\/uploads\/2020\/01\/cahier_vert.png?fit=600%2C800&ssl=1",600,800,true],"xxxxxl":["https:\/\/i0.wp.com\/asimon.eu\/blog\/wp-content\/uploads\/2020\/01\/cahier_vert.png?fit=600%2C800&ssl=1",600,800,true],"1536x1536":["https:\/\/i0.wp.com\/asimon.eu\/blog\/wp-content\/uploads\/2020\/01\/cahier_vert.png?fit=600%2C800&ssl=1",600,800,true],"2048x2048":["https:\/\/i0.wp.com\/asimon.eu\/blog\/wp-content\/uploads\/2020\/01\/cahier_vert.png?fit=600%2C800&ssl=1",600,800,true],"mailpoet_newsletter_max":["https:\/\/i0.wp.com\/asimon.eu\/blog\/wp-content\/uploads\/2020\/01\/cahier_vert.png?fit=600%2C800&ssl=1",600,800,true]},"post_excerpt_stackable_v2":"<p>.<br \/>\nJ&rsquo;ai demand\u00e9 \u00e0 l&rsquo;\u00e9t\u00e9 <\/p>\n","category_list_v2":"<a href=\"https:\/\/asimon.eu\/blog\/category\/le-cahier-vert\/\" rel=\"category tag\">Le cahier vert<\/a>, <a href=\"https:\/\/asimon.eu\/blog\/category\/poemes\/\" rel=\"category tag\">Po\u00e8mes<\/a>","author_info_v2":{"name":"Andr\u00e9","url":"https:\/\/asimon.eu\/blog\/author\/andre\/"},"comments_num_v2":"0 commentaire","yoast_head":"<!-- This site is optimized with the Yoast SEO plugin v27.4 - https:\/\/yoast.com\/product\/yoast-seo-wordpress\/ -->\n<title>Saisons - Cemondeblog<\/title>\n<meta name=\"robots\" content=\"index, follow, max-snippet:-1, max-image-preview:large, max-video-preview:-1\" \/>\n<link rel=\"canonical\" href=\"https:\/\/asimon.eu\/blog\/poemes\/saisons\/\" \/>\n<meta property=\"og:locale\" content=\"fr_FR\" \/>\n<meta property=\"og:type\" content=\"article\" \/>\n<meta property=\"og:title\" content=\"Saisons - Cemondeblog\" \/>\n<meta property=\"og:description\" content=\". J&#039;ai demand\u00e9 \u00e0 l&#039;\u00e9t\u00e9\" \/>\n<meta property=\"og:url\" content=\"https:\/\/asimon.eu\/blog\/poemes\/saisons\/\" \/>\n<meta property=\"og:site_name\" content=\"Cemondeblog\" \/>\n<meta property=\"article:published_time\" content=\"2025-12-20T06:48:24+00:00\" \/>\n<meta property=\"og:image\" content=\"https:\/\/asimon.eu\/blog\/wp-content\/uploads\/2020\/01\/cahier_vert.png\" \/>\n\t<meta property=\"og:image:width\" content=\"600\" \/>\n\t<meta property=\"og:image:height\" content=\"800\" \/>\n\t<meta property=\"og:image:type\" content=\"image\/png\" \/>\n<meta name=\"author\" content=\"Andr\u00e9\" \/>\n<meta name=\"twitter:card\" content=\"summary_large_image\" \/>\n<meta name=\"twitter:creator\" content=\"@olrik16\" \/>\n<meta name=\"twitter:site\" content=\"@olrik16\" \/>\n<meta name=\"twitter:label1\" content=\"\u00c9crit par\" \/>\n\t<meta name=\"twitter:data1\" content=\"Andr\u00e9\" \/>\n\t<meta name=\"twitter:label2\" content=\"Dur\u00e9e de lecture estim\u00e9e\" \/>\n\t<meta name=\"twitter:data2\" content=\"4 minutes\" \/>\n<script type=\"application\/ld+json\" class=\"yoast-schema-graph\">{\"@context\":\"https:\\\/\\\/schema.org\",\"@graph\":[{\"@type\":\"Article\",\"@id\":\"https:\\\/\\\/asimon.eu\\\/blog\\\/poemes\\\/saisons\\\/#article\",\"isPartOf\":{\"@id\":\"https:\\\/\\\/asimon.eu\\\/blog\\\/poemes\\\/saisons\\\/\"},\"author\":{\"name\":\"Andr\u00e9\",\"@id\":\"https:\\\/\\\/asimon.eu\\\/blog\\\/#\\\/schema\\\/person\\\/4aef5843155766a51be733fbdace4241\"},\"headline\":\"Saisons\",\"datePublished\":\"2025-12-20T06:48:24+00:00\",\"mainEntityOfPage\":{\"@id\":\"https:\\\/\\\/asimon.eu\\\/blog\\\/poemes\\\/saisons\\\/\"},\"wordCount\":292,\"commentCount\":0,\"publisher\":{\"@id\":\"https:\\\/\\\/asimon.eu\\\/blog\\\/#\\\/schema\\\/person\\\/4aef5843155766a51be733fbdace4241\"},\"image\":{\"@id\":\"https:\\\/\\\/asimon.eu\\\/blog\\\/poemes\\\/saisons\\\/#primaryimage\"},\"thumbnailUrl\":\"https:\\\/\\\/i0.wp.com\\\/asimon.eu\\\/blog\\\/wp-content\\\/uploads\\\/2020\\\/01\\\/cahier_vert.png?fit=600%2C800&ssl=1\",\"keywords\":[\"automne\",\"chaleur\",\"ciel\",\"d\u00e9cembre\",\"froid\",\"hiver\",\"lumi\u00e8re\",\"Mort\",\"neige\",\"oiseau\",\"printemps\",\"soleil\",\"vie\"],\"articleSection\":[\"Le cahier vert\",\"Po\u00e8mes\"],\"inLanguage\":\"fr-FR\",\"potentialAction\":[{\"@type\":\"CommentAction\",\"name\":\"Comment\",\"target\":[\"https:\\\/\\\/asimon.eu\\\/blog\\\/poemes\\\/saisons\\\/#respond\"]}]},{\"@type\":\"WebPage\",\"@id\":\"https:\\\/\\\/asimon.eu\\\/blog\\\/poemes\\\/saisons\\\/\",\"url\":\"https:\\\/\\\/asimon.eu\\\/blog\\\/poemes\\\/saisons\\\/\",\"name\":\"Saisons - Cemondeblog\",\"isPartOf\":{\"@id\":\"https:\\\/\\\/asimon.eu\\\/blog\\\/#website\"},\"primaryImageOfPage\":{\"@id\":\"https:\\\/\\\/asimon.eu\\\/blog\\\/poemes\\\/saisons\\\/#primaryimage\"},\"image\":{\"@id\":\"https:\\\/\\\/asimon.eu\\\/blog\\\/poemes\\\/saisons\\\/#primaryimage\"},\"thumbnailUrl\":\"https:\\\/\\\/i0.wp.com\\\/asimon.eu\\\/blog\\\/wp-content\\\/uploads\\\/2020\\\/01\\\/cahier_vert.png?fit=600%2C800&ssl=1\",\"datePublished\":\"2025-12-20T06:48:24+00:00\",\"breadcrumb\":{\"@id\":\"https:\\\/\\\/asimon.eu\\\/blog\\\/poemes\\\/saisons\\\/#breadcrumb\"},\"inLanguage\":\"fr-FR\",\"potentialAction\":[{\"@type\":\"ReadAction\",\"target\":[\"https:\\\/\\\/asimon.eu\\\/blog\\\/poemes\\\/saisons\\\/\"]}]},{\"@type\":\"ImageObject\",\"inLanguage\":\"fr-FR\",\"@id\":\"https:\\\/\\\/asimon.eu\\\/blog\\\/poemes\\\/saisons\\\/#primaryimage\",\"url\":\"https:\\\/\\\/i0.wp.com\\\/asimon.eu\\\/blog\\\/wp-content\\\/uploads\\\/2020\\\/01\\\/cahier_vert.png?fit=600%2C800&ssl=1\",\"contentUrl\":\"https:\\\/\\\/i0.wp.com\\\/asimon.eu\\\/blog\\\/wp-content\\\/uploads\\\/2020\\\/01\\\/cahier_vert.png?fit=600%2C800&ssl=1\",\"width\":600,\"height\":800,\"caption\":\"Cahier vert\"},{\"@type\":\"BreadcrumbList\",\"@id\":\"https:\\\/\\\/asimon.eu\\\/blog\\\/poemes\\\/saisons\\\/#breadcrumb\",\"itemListElement\":[{\"@type\":\"ListItem\",\"position\":1,\"name\":\"Accueil\",\"item\":\"https:\\\/\\\/asimon.eu\\\/blog\\\/\"},{\"@type\":\"ListItem\",\"position\":2,\"name\":\"Po\u00e8mes\",\"item\":\"https:\\\/\\\/asimon.eu\\\/blog\\\/category\\\/poemes\\\/\"},{\"@type\":\"ListItem\",\"position\":3,\"name\":\"Saisons\"}]},{\"@type\":\"WebSite\",\"@id\":\"https:\\\/\\\/asimon.eu\\\/blog\\\/#website\",\"url\":\"https:\\\/\\\/asimon.eu\\\/blog\\\/\",\"name\":\"Cemondeblog\",\"description\":\"Ce monde o\u00f9 je vis, o\u00f9 nous vivons.\",\"publisher\":{\"@id\":\"https:\\\/\\\/asimon.eu\\\/blog\\\/#\\\/schema\\\/person\\\/4aef5843155766a51be733fbdace4241\"},\"potentialAction\":[{\"@type\":\"SearchAction\",\"target\":{\"@type\":\"EntryPoint\",\"urlTemplate\":\"https:\\\/\\\/asimon.eu\\\/blog\\\/?s={search_term_string}\"},\"query-input\":{\"@type\":\"PropertyValueSpecification\",\"valueRequired\":true,\"valueName\":\"search_term_string\"}}],\"inLanguage\":\"fr-FR\"},{\"@type\":[\"Person\",\"Organization\"],\"@id\":\"https:\\\/\\\/asimon.eu\\\/blog\\\/#\\\/schema\\\/person\\\/4aef5843155766a51be733fbdace4241\",\"name\":\"Andr\u00e9\",\"image\":{\"@type\":\"ImageObject\",\"inLanguage\":\"fr-FR\",\"@id\":\"https:\\\/\\\/i0.wp.com\\\/asimon.eu\\\/blog\\\/wp-content\\\/uploads\\\/2019\\\/12\\\/cropped-rancheria-14.png?fit=1597%2C422&ssl=1\",\"url\":\"https:\\\/\\\/i0.wp.com\\\/asimon.eu\\\/blog\\\/wp-content\\\/uploads\\\/2019\\\/12\\\/cropped-rancheria-14.png?fit=1597%2C422&ssl=1\",\"contentUrl\":\"https:\\\/\\\/i0.wp.com\\\/asimon.eu\\\/blog\\\/wp-content\\\/uploads\\\/2019\\\/12\\\/cropped-rancheria-14.png?fit=1597%2C422&ssl=1\",\"width\":1597,\"height\":422,\"caption\":\"Andr\u00e9\"},\"logo\":{\"@id\":\"https:\\\/\\\/i0.wp.com\\\/asimon.eu\\\/blog\\\/wp-content\\\/uploads\\\/2019\\\/12\\\/cropped-rancheria-14.png?fit=1597%2C422&ssl=1\"},\"description\":\"Et la vie va ...\",\"sameAs\":[\"https:\\\/\\\/asimon.eu\"]}]}<\/script>\n<!-- \/ Yoast SEO plugin. -->","yoast_head_json":{"title":"Saisons - Cemondeblog","robots":{"index":"index","follow":"follow","max-snippet":"max-snippet:-1","max-image-preview":"max-image-preview:large","max-video-preview":"max-video-preview:-1"},"canonical":"https:\/\/asimon.eu\/blog\/poemes\/saisons\/","og_locale":"fr_FR","og_type":"article","og_title":"Saisons - Cemondeblog","og_description":". J'ai demand\u00e9 \u00e0 l'\u00e9t\u00e9","og_url":"https:\/\/asimon.eu\/blog\/poemes\/saisons\/","og_site_name":"Cemondeblog","article_published_time":"2025-12-20T06:48:24+00:00","og_image":[{"width":600,"height":800,"url":"https:\/\/asimon.eu\/blog\/wp-content\/uploads\/2020\/01\/cahier_vert.png","type":"image\/png"}],"author":"Andr\u00e9","twitter_card":"summary_large_image","twitter_creator":"@olrik16","twitter_site":"@olrik16","twitter_misc":{"\u00c9crit par":"Andr\u00e9","Dur\u00e9e de lecture estim\u00e9e":"4 minutes"},"schema":{"@context":"https:\/\/schema.org","@graph":[{"@type":"Article","@id":"https:\/\/asimon.eu\/blog\/poemes\/saisons\/#article","isPartOf":{"@id":"https:\/\/asimon.eu\/blog\/poemes\/saisons\/"},"author":{"name":"Andr\u00e9","@id":"https:\/\/asimon.eu\/blog\/#\/schema\/person\/4aef5843155766a51be733fbdace4241"},"headline":"Saisons","datePublished":"2025-12-20T06:48:24+00:00","mainEntityOfPage":{"@id":"https:\/\/asimon.eu\/blog\/poemes\/saisons\/"},"wordCount":292,"commentCount":0,"publisher":{"@id":"https:\/\/asimon.eu\/blog\/#\/schema\/person\/4aef5843155766a51be733fbdace4241"},"image":{"@id":"https:\/\/asimon.eu\/blog\/poemes\/saisons\/#primaryimage"},"thumbnailUrl":"https:\/\/i0.wp.com\/asimon.eu\/blog\/wp-content\/uploads\/2020\/01\/cahier_vert.png?fit=600%2C800&ssl=1","keywords":["automne","chaleur","ciel","d\u00e9cembre","froid","hiver","lumi\u00e8re","Mort","neige","oiseau","printemps","soleil","vie"],"articleSection":["Le cahier vert","Po\u00e8mes"],"inLanguage":"fr-FR","potentialAction":[{"@type":"CommentAction","name":"Comment","target":["https:\/\/asimon.eu\/blog\/poemes\/saisons\/#respond"]}]},{"@type":"WebPage","@id":"https:\/\/asimon.eu\/blog\/poemes\/saisons\/","url":"https:\/\/asimon.eu\/blog\/poemes\/saisons\/","name":"Saisons - Cemondeblog","isPartOf":{"@id":"https:\/\/asimon.eu\/blog\/#website"},"primaryImageOfPage":{"@id":"https:\/\/asimon.eu\/blog\/poemes\/saisons\/#primaryimage"},"image":{"@id":"https:\/\/asimon.eu\/blog\/poemes\/saisons\/#primaryimage"},"thumbnailUrl":"https:\/\/i0.wp.com\/asimon.eu\/blog\/wp-content\/uploads\/2020\/01\/cahier_vert.png?fit=600%2C800&ssl=1","datePublished":"2025-12-20T06:48:24+00:00","breadcrumb":{"@id":"https:\/\/asimon.eu\/blog\/poemes\/saisons\/#breadcrumb"},"inLanguage":"fr-FR","potentialAction":[{"@type":"ReadAction","target":["https:\/\/asimon.eu\/blog\/poemes\/saisons\/"]}]},{"@type":"ImageObject","inLanguage":"fr-FR","@id":"https:\/\/asimon.eu\/blog\/poemes\/saisons\/#primaryimage","url":"https:\/\/i0.wp.com\/asimon.eu\/blog\/wp-content\/uploads\/2020\/01\/cahier_vert.png?fit=600%2C800&ssl=1","contentUrl":"https:\/\/i0.wp.com\/asimon.eu\/blog\/wp-content\/uploads\/2020\/01\/cahier_vert.png?fit=600%2C800&ssl=1","width":600,"height":800,"caption":"Cahier vert"},{"@type":"BreadcrumbList","@id":"https:\/\/asimon.eu\/blog\/poemes\/saisons\/#breadcrumb","itemListElement":[{"@type":"ListItem","position":1,"name":"Accueil","item":"https:\/\/asimon.eu\/blog\/"},{"@type":"ListItem","position":2,"name":"Po\u00e8mes","item":"https:\/\/asimon.eu\/blog\/category\/poemes\/"},{"@type":"ListItem","position":3,"name":"Saisons"}]},{"@type":"WebSite","@id":"https:\/\/asimon.eu\/blog\/#website","url":"https:\/\/asimon.eu\/blog\/","name":"Cemondeblog","description":"Ce monde o\u00f9 je vis, o\u00f9 nous vivons.","publisher":{"@id":"https:\/\/asimon.eu\/blog\/#\/schema\/person\/4aef5843155766a51be733fbdace4241"},"potentialAction":[{"@type":"SearchAction","target":{"@type":"EntryPoint","urlTemplate":"https:\/\/asimon.eu\/blog\/?s={search_term_string}"},"query-input":{"@type":"PropertyValueSpecification","valueRequired":true,"valueName":"search_term_string"}}],"inLanguage":"fr-FR"},{"@type":["Person","Organization"],"@id":"https:\/\/asimon.eu\/blog\/#\/schema\/person\/4aef5843155766a51be733fbdace4241","name":"Andr\u00e9","image":{"@type":"ImageObject","inLanguage":"fr-FR","@id":"https:\/\/i0.wp.com\/asimon.eu\/blog\/wp-content\/uploads\/2019\/12\/cropped-rancheria-14.png?fit=1597%2C422&ssl=1","url":"https:\/\/i0.wp.com\/asimon.eu\/blog\/wp-content\/uploads\/2019\/12\/cropped-rancheria-14.png?fit=1597%2C422&ssl=1","contentUrl":"https:\/\/i0.wp.com\/asimon.eu\/blog\/wp-content\/uploads\/2019\/12\/cropped-rancheria-14.png?fit=1597%2C422&ssl=1","width":1597,"height":422,"caption":"Andr\u00e9"},"logo":{"@id":"https:\/\/i0.wp.com\/asimon.eu\/blog\/wp-content\/uploads\/2019\/12\/cropped-rancheria-14.png?fit=1597%2C422&ssl=1"},"description":"Et la vie va ...","sameAs":["https:\/\/asimon.eu"]}]}},"modified_by":"Andr\u00e9","jetpack_publicize_connections":[],"jetpack_featured_media_url":"https:\/\/i0.wp.com\/asimon.eu\/blog\/wp-content\/uploads\/2020\/01\/cahier_vert.png?fit=600%2C800&ssl=1","uagb_featured_image_src":{"full":["https:\/\/i0.wp.com\/asimon.eu\/blog\/wp-content\/uploads\/2020\/01\/cahier_vert.png?fit=600%2C800&ssl=1",600,800,false],"thumbnail":["https:\/\/i0.wp.com\/asimon.eu\/blog\/wp-content\/uploads\/2020\/01\/cahier_vert.png?resize=150%2C150&ssl=1",150,150,true],"medium":["https:\/\/i0.wp.com\/asimon.eu\/blog\/wp-content\/uploads\/2020\/01\/cahier_vert.png?fit=225%2C300&ssl=1",225,300,true],"medium_large":["https:\/\/i0.wp.com\/asimon.eu\/blog\/wp-content\/uploads\/2020\/01\/cahier_vert.png?fit=600%2C800&ssl=1",600,800,true],"large":["https:\/\/i0.wp.com\/asimon.eu\/blog\/wp-content\/uploads\/2020\/01\/cahier_vert.png?fit=600%2C800&ssl=1",600,800,true],"gs-tiny":["https:\/\/i0.wp.com\/asimon.eu\/blog\/wp-content\/uploads\/2020\/01\/cahier_vert.png?fit=50%2C67&ssl=1",50,67,true],"xl":["https:\/\/i0.wp.com\/asimon.eu\/blog\/wp-content\/uploads\/2020\/01\/cahier_vert.png?fit=600%2C800&ssl=1",600,800,true],"xxl":["https:\/\/i0.wp.com\/asimon.eu\/blog\/wp-content\/uploads\/2020\/01\/cahier_vert.png?fit=600%2C800&ssl=1",600,800,true],"xxxl":["https:\/\/i0.wp.com\/asimon.eu\/blog\/wp-content\/uploads\/2020\/01\/cahier_vert.png?fit=600%2C800&ssl=1",600,800,true],"xxxxl":["https:\/\/i0.wp.com\/asimon.eu\/blog\/wp-content\/uploads\/2020\/01\/cahier_vert.png?fit=600%2C800&ssl=1",600,800,true],"xxxxxl":["https:\/\/i0.wp.com\/asimon.eu\/blog\/wp-content\/uploads\/2020\/01\/cahier_vert.png?fit=600%2C800&ssl=1",600,800,true],"1536x1536":["https:\/\/i0.wp.com\/asimon.eu\/blog\/wp-content\/uploads\/2020\/01\/cahier_vert.png?fit=600%2C800&ssl=1",600,800,true],"2048x2048":["https:\/\/i0.wp.com\/asimon.eu\/blog\/wp-content\/uploads\/2020\/01\/cahier_vert.png?fit=600%2C800&ssl=1",600,800,true],"mailpoet_newsletter_max":["https:\/\/i0.wp.com\/asimon.eu\/blog\/wp-content\/uploads\/2020\/01\/cahier_vert.png?fit=600%2C800&ssl=1",600,800,true]},"uagb_author_info":{"display_name":"Andr\u00e9","author_link":"https:\/\/asimon.eu\/blog\/author\/andre\/"},"uagb_comment_info":0,"uagb_excerpt":". J'ai demand\u00e9 \u00e0 l'\u00e9t\u00e9","jetpack-related-posts":[{"id":475051,"url":"https:\/\/asimon.eu\/blog\/poemes\/lumieres\/","url_meta":{"origin":475238,"position":0},"title":"Lumi\u00e8res","author":"Andr\u00e9","date":"5 novembre 2025","format":false,"excerpt":". Les lumi\u00e8res de maisons inconnues","rel":"","context":"Dans &quot;Le cahier vert&quot;","block_context":{"text":"Le cahier vert","link":"https:\/\/asimon.eu\/blog\/category\/le-cahier-vert\/"},"img":{"alt_text":"","src":"https:\/\/i0.wp.com\/asimon.eu\/blog\/wp-content\/uploads\/2020\/01\/cahier_vert.png?fit=600%2C800&ssl=1&resize=350%2C200","width":350,"height":200,"srcset":"https:\/\/i0.wp.com\/asimon.eu\/blog\/wp-content\/uploads\/2020\/01\/cahier_vert.png?fit=600%2C800&ssl=1&resize=350%2C200 1x, https:\/\/i0.wp.com\/asimon.eu\/blog\/wp-content\/uploads\/2020\/01\/cahier_vert.png?fit=600%2C800&ssl=1&resize=525%2C300 1.5x"},"classes":[]},{"id":476145,"url":"https:\/\/asimon.eu\/blog\/poemes\/ages\/","url_meta":{"origin":475238,"position":1},"title":"\u00c2ges","author":"Andr\u00e9","date":"14 f\u00e9vrier 2026","format":false,"excerpt":". La vieillesse est fauteuil,","rel":"","context":"Dans &quot;Le cahier vert&quot;","block_context":{"text":"Le cahier vert","link":"https:\/\/asimon.eu\/blog\/category\/le-cahier-vert\/"},"img":{"alt_text":"","src":"https:\/\/i0.wp.com\/asimon.eu\/blog\/wp-content\/uploads\/2020\/01\/cahier_vert.png?fit=600%2C800&ssl=1&resize=350%2C200","width":350,"height":200,"srcset":"https:\/\/i0.wp.com\/asimon.eu\/blog\/wp-content\/uploads\/2020\/01\/cahier_vert.png?fit=600%2C800&ssl=1&resize=350%2C200 1x, https:\/\/i0.wp.com\/asimon.eu\/blog\/wp-content\/uploads\/2020\/01\/cahier_vert.png?fit=600%2C800&ssl=1&resize=525%2C300 1.5x"},"classes":[]},{"id":474973,"url":"https:\/\/asimon.eu\/blog\/poemes\/nuit\/","url_meta":{"origin":475238,"position":2},"title":"Nuit","author":"Andr\u00e9","date":"21 octobre 2025","format":false,"excerpt":". Rien Le noir Une lueur, l\u00e0 ?","rel":"","context":"Dans &quot;Le cahier vert&quot;","block_context":{"text":"Le cahier vert","link":"https:\/\/asimon.eu\/blog\/category\/le-cahier-vert\/"},"img":{"alt_text":"","src":"https:\/\/i0.wp.com\/asimon.eu\/blog\/wp-content\/uploads\/2020\/01\/cahier_vert.png?fit=600%2C800&ssl=1&resize=350%2C200","width":350,"height":200,"srcset":"https:\/\/i0.wp.com\/asimon.eu\/blog\/wp-content\/uploads\/2020\/01\/cahier_vert.png?fit=600%2C800&ssl=1&resize=350%2C200 1x, https:\/\/i0.wp.com\/asimon.eu\/blog\/wp-content\/uploads\/2020\/01\/cahier_vert.png?fit=600%2C800&ssl=1&resize=525%2C300 1.5x"},"classes":[]},{"id":476249,"url":"https:\/\/asimon.eu\/blog\/poemes\/ou\/","url_meta":{"origin":475238,"position":3},"title":"O\u00f9 ?","author":"Andr\u00e9","date":"21 f\u00e9vrier 2026","format":false,"excerpt":". O\u00f9 partir, o\u00f9 aller ?","rel":"","context":"Dans &quot;Le cahier vert&quot;","block_context":{"text":"Le cahier vert","link":"https:\/\/asimon.eu\/blog\/category\/le-cahier-vert\/"},"img":{"alt_text":"","src":"https:\/\/i0.wp.com\/asimon.eu\/blog\/wp-content\/uploads\/2020\/01\/cahier_vert.png?fit=600%2C800&ssl=1&resize=350%2C200","width":350,"height":200,"srcset":"https:\/\/i0.wp.com\/asimon.eu\/blog\/wp-content\/uploads\/2020\/01\/cahier_vert.png?fit=600%2C800&ssl=1&resize=350%2C200 1x, https:\/\/i0.wp.com\/asimon.eu\/blog\/wp-content\/uploads\/2020\/01\/cahier_vert.png?fit=600%2C800&ssl=1&resize=525%2C300 1.5x"},"classes":[]},{"id":483002,"url":"https:\/\/asimon.eu\/blog\/chanson\/sur-la-place\/","url_meta":{"origin":475238,"position":4},"title":"Sur la place.","author":"Andr\u00e9","date":"12 ao\u00fbt 2024","format":false,"excerpt":"https:\/\/open.spotify.com\/track\/03mRhsuD2TvfQXl4viauxr?si=RnlF368BRtm_dA_Slk1oHw&utm_source=copy-link","rel":"","context":"Dans &quot;Chanson&quot;","block_context":{"text":"Chanson","link":"https:\/\/asimon.eu\/blog\/category\/chanson\/"},"img":{"alt_text":"","src":"https:\/\/i0.wp.com\/asimon.eu\/blog\/wp-content\/uploads\/2022\/08\/20220717_153109-scaled.jpg?fit=1200%2C900&ssl=1&resize=350%2C200","width":350,"height":200,"srcset":"https:\/\/i0.wp.com\/asimon.eu\/blog\/wp-content\/uploads\/2022\/08\/20220717_153109-scaled.jpg?fit=1200%2C900&ssl=1&resize=350%2C200 1x, https:\/\/i0.wp.com\/asimon.eu\/blog\/wp-content\/uploads\/2022\/08\/20220717_153109-scaled.jpg?fit=1200%2C900&ssl=1&resize=525%2C300 1.5x, https:\/\/i0.wp.com\/asimon.eu\/blog\/wp-content\/uploads\/2022\/08\/20220717_153109-scaled.jpg?fit=1200%2C900&ssl=1&resize=700%2C400 2x, https:\/\/i0.wp.com\/asimon.eu\/blog\/wp-content\/uploads\/2022\/08\/20220717_153109-scaled.jpg?fit=1200%2C900&ssl=1&resize=1050%2C600 3x"},"classes":[]},{"id":273939,"url":"https:\/\/asimon.eu\/blog\/poemes\/guitares\/","url_meta":{"origin":475238,"position":5},"title":"Guitares.","author":"Andr\u00e9","date":"18 mai 2025","format":false,"excerpt":"Automne et pluie, quand le silence un peu rugueux, ...","rel":"","context":"Dans &quot;Blog&quot;","block_context":{"text":"Blog","link":"https:\/\/asimon.eu\/blog\/category\/blog\/"},"img":{"alt_text":"guitare","src":"https:\/\/i0.wp.com\/asimon.eu\/blog\/wp-content\/uploads\/2018\/10\/guitare.jpg?fit=889%2C500&ssl=1&resize=350%2C200","width":350,"height":200,"srcset":"https:\/\/i0.wp.com\/asimon.eu\/blog\/wp-content\/uploads\/2018\/10\/guitare.jpg?fit=889%2C500&ssl=1&resize=350%2C200 1x, https:\/\/i0.wp.com\/asimon.eu\/blog\/wp-content\/uploads\/2018\/10\/guitare.jpg?fit=889%2C500&ssl=1&resize=525%2C300 1.5x, https:\/\/i0.wp.com\/asimon.eu\/blog\/wp-content\/uploads\/2018\/10\/guitare.jpg?fit=889%2C500&ssl=1&resize=700%2C400 2x"},"classes":[]}],"jetpack_shortlink":"https:\/\/wp.me\/s9rk1P-saisons","jetpack_sharing_enabled":true,"jetpack_likes_enabled":true,"_links":{"self":[{"href":"https:\/\/asimon.eu\/blog\/wp-json\/wp\/v2\/posts\/475238","targetHints":{"allow":["GET"]}}],"collection":[{"href":"https:\/\/asimon.eu\/blog\/wp-json\/wp\/v2\/posts"}],"about":[{"href":"https:\/\/asimon.eu\/blog\/wp-json\/wp\/v2\/types\/post"}],"author":[{"embeddable":true,"href":"https:\/\/asimon.eu\/blog\/wp-json\/wp\/v2\/users\/1"}],"replies":[{"embeddable":true,"href":"https:\/\/asimon.eu\/blog\/wp-json\/wp\/v2\/comments?post=475238"}],"version-history":[{"count":2,"href":"https:\/\/asimon.eu\/blog\/wp-json\/wp\/v2\/posts\/475238\/revisions"}],"predecessor-version":[{"id":485367,"href":"https:\/\/asimon.eu\/blog\/wp-json\/wp\/v2\/posts\/475238\/revisions\/485367"}],"wp:featuredmedia":[{"embeddable":true,"href":"https:\/\/asimon.eu\/blog\/wp-json\/wp\/v2\/media\/473809"}],"wp:attachment":[{"href":"https:\/\/asimon.eu\/blog\/wp-json\/wp\/v2\/media?parent=475238"}],"wp:term":[{"taxonomy":"category","embeddable":true,"href":"https:\/\/asimon.eu\/blog\/wp-json\/wp\/v2\/categories?post=475238"},{"taxonomy":"post_tag","embeddable":true,"href":"https:\/\/asimon.eu\/blog\/wp-json\/wp\/v2\/tags?post=475238"}],"curies":[{"name":"wp","href":"https:\/\/api.w.org\/{rel}","templated":true}]}}