{"id":476221,"date":"2026-02-19T13:58:13","date_gmt":"2026-02-19T12:58:13","guid":{"rendered":"https:\/\/asimon.eu\/blog\/?p=476221"},"modified":"2026-02-19T13:58:13","modified_gmt":"2026-02-19T12:58:13","slug":"journee-mondiale-des-refugies","status":"publish","type":"post","link":"https:\/\/asimon.eu\/blog\/blog\/journee-mondiale-des-refugies\/","title":{"rendered":"Journ\u00e9e mondiale des r\u00e9fugi\u00e9s"},"content":{"rendered":"\n<div class=\"wp-block-ugb-container ugb-container ugb-fbe6f75 ugb-container--v2 ugb-container--design-basic ugb-main-block\"><style>.ugb-fbe6f75-wrapper.ugb-container__wrapper{padding-top:0 !important;padding-bottom:0 !important;background-image:url(https:\/\/asimon.eu\/blog\/wp-content\/uploads\/2017\/04\/migration.jpg)}.ugb-fbe6f75-wrapper > .ugb-container__side{padding-top:35px !important;padding-bottom:35px !important}.ugb-fbe6f75-wrapper.ugb-container__wrapper:before{opacity:0.5}<\/style><div class=\"ugb-inner-block\"><div class=\"ugb-block-content\"><div class=\"ugb-container__wrapper ugb-fbe6f75-wrapper ugb--has-background-overlay\"><div class=\"ugb-container__side\"><div class=\"ugb-container__content-wrapper ugb-fbe6f75-content-wrapper\">\n<div class=\"alignfull wp-block-ugb-container ugb-container ugb-6c876c9 ugb-container--v2 ugb-container--design-basic ugb-main-block ugb-main-block--inner-center ugb--has-block-background\"><style>.ugb-6c876c9-wrapper.ugb-container__wrapper{padding-top:0 !important;padding-bottom:0 !important}.ugb-6c876c9-wrapper > .ugb-container__side{padding-top:35px !important;padding-bottom:35px !important}.ugb-6c876c9.ugb-container{background-color:rgba(255,255,255,0)}<\/style><div class=\"ugb-inner-block ugb-inner-block--center\"><div class=\"ugb-block-content\"><div class=\"ugb-container__wrapper ugb-6c876c9-wrapper\"><div class=\"ugb-container__side\"><div class=\"ugb-container__content-wrapper ugb-6c876c9-content-wrapper\">\n<p class=\"has-text-align-center\">\u00c0 l&rsquo;occasion de la journ\u00e9e mondiale des r\u00e9fugi\u00e9s du 20 juin, j&rsquo;ai rassembl\u00e9 ceux de mes po\u00e8mes qu&rsquo;ils ont inspir\u00e9s, et que je leur d\u00e9die.<\/p>\n<\/div><\/div><\/div><\/div><\/div><\/div>\n<\/div><\/div><\/div><\/div><\/div><\/div>\n\n\n\n<div class=\"wp-block-ugb-button ugb-button-wrapper ugb-a148c7d ugb-main-block\"><div class=\"ugb-inner-block\"><div class=\"ugb-block-content\"><div class=\"ugb-button-container\"><a class=\"ugb-button1 ugb-button ugb-button--size-normal\" href=\"https:\/\/asimon.eu\/blog\/journee-mondiale-des-refugies\/\" target=\"_blank\" rel=\"noopener noreferrer\" title=\"\"><span class=\"ugb-button--inner\">Journ\u00e9e des r\u00e9fugi\u00e9s &#8211; les po\u00e8mes.<\/span><\/a><\/div><\/div><\/div><\/div>\n","protected":false},"excerpt":{"rendered":"<p>\u00c0 l&rsquo;occasion de la journ\u00e9e mondiale des r\u00e9fugi\u00e9s du 20 juin, j&rsquo;ai rassembl\u00e9 ceux de mes po\u00e8mes qu&rsquo;ils ont inspir\u00e9s, et que je leur d\u00e9die.&hellip;<\/p>\n","protected":false},"author":1,"featured_media":14232,"comment_status":"open","ping_status":"open","sticky":false,"template":"","format":"standard","meta":{"_uag_custom_page_level_css":"","_lmt_disableupdate":"no","_lmt_disable":"","h5ap_radio_sources":[],"jetpack_post_was_ever_published":false,"_jetpack_newsletter_access":"","_jetpack_dont_email_post_to_subs":false,"_jetpack_newsletter_tier_id":0,"_jetpack_memberships_contains_paywalled_content":false,"_jetpack_memberships_contains_paid_content":false,"footnotes":"","jetpack_publicize_message":"","jetpack_publicize_feature_enabled":true,"jetpack_social_post_already_shared":false,"jetpack_social_options":{"image_generator_settings":{"template":"highway","default_image_id":0,"font":"","enabled":false},"version":2}},"categories":[1],"tags":[6,47],"class_list":["post-476221","post","type-post","status-publish","format-standard","has-post-thumbnail","hentry","category-blog","tag-migration","tag-refugies"],"featured_image_urls_v2":{"full":["https:\/\/i0.wp.com\/asimon.eu\/blog\/wp-content\/uploads\/2017\/04\/migration.jpg?fit=474%2C500&ssl=1",474,500,false],"thumbnail":["https:\/\/i0.wp.com\/asimon.eu\/blog\/wp-content\/uploads\/2017\/04\/migration.jpg?resize=150%2C150&ssl=1",150,150,true],"medium":["https:\/\/i0.wp.com\/asimon.eu\/blog\/wp-content\/uploads\/2017\/04\/migration.jpg?fit=284%2C300&ssl=1",284,300,true],"medium_large":["https:\/\/i0.wp.com\/asimon.eu\/blog\/wp-content\/uploads\/2017\/04\/migration.jpg?fit=768%2C810&ssl=1",768,810,true],"large":["https:\/\/i0.wp.com\/asimon.eu\/blog\/wp-content\/uploads\/2017\/04\/migration.jpg?fit=843%2C890&ssl=1",843,890,true],"gs-tiny":["https:\/\/i0.wp.com\/asimon.eu\/blog\/wp-content\/uploads\/2017\/04\/migration.jpg?fit=50%2C53&ssl=1",50,53,true],"xl":["https:\/\/i0.wp.com\/asimon.eu\/blog\/wp-content\/uploads\/2017\/04\/migration.jpg?fit=474%2C500&ssl=1",474,500,true],"xxl":["https:\/\/i0.wp.com\/asimon.eu\/blog\/wp-content\/uploads\/2017\/04\/migration.jpg?fit=474%2C500&ssl=1",474,500,true],"xxxl":["https:\/\/i0.wp.com\/asimon.eu\/blog\/wp-content\/uploads\/2017\/04\/migration.jpg?fit=474%2C500&ssl=1",474,500,true],"xxxxl":["https:\/\/i0.wp.com\/asimon.eu\/blog\/wp-content\/uploads\/2017\/04\/migration.jpg?fit=474%2C500&ssl=1",474,500,true],"xxxxxl":["https:\/\/i0.wp.com\/asimon.eu\/blog\/wp-content\/uploads\/2017\/04\/migration.jpg?fit=474%2C500&ssl=1",474,500,true],"1536x1536":["https:\/\/i0.wp.com\/asimon.eu\/blog\/wp-content\/uploads\/2017\/04\/migration.jpg?fit=474%2C500&ssl=1",474,500,true],"2048x2048":["https:\/\/i0.wp.com\/asimon.eu\/blog\/wp-content\/uploads\/2017\/04\/migration.jpg?fit=474%2C500&ssl=1",474,500,true],"mailpoet_newsletter_max":["https:\/\/i0.wp.com\/asimon.eu\/blog\/wp-content\/uploads\/2017\/04\/migration.jpg?fit=474%2C500&ssl=1",474,500,true]},"post_excerpt_stackable_v2":"<p>\u00c0 l&rsquo;occasion de la journ\u00e9e mondiale des r\u00e9fugi\u00e9s du 20 juin, j&rsquo;ai rassembl\u00e9 ceux de mes po\u00e8mes qu&rsquo;ils ont inspir\u00e9s, et que je leur d\u00e9die. Journ\u00e9e des r\u00e9fugi\u00e9s &#8211; les po\u00e8mes.<\/p>\n","category_list_v2":"<a href=\"https:\/\/asimon.eu\/blog\/category\/blog\/\" rel=\"category tag\">Blog<\/a>","author_info_v2":{"name":"Andr\u00e9","url":"https:\/\/asimon.eu\/blog\/author\/andre\/"},"comments_num_v2":"0 commentaire","yoast_head":"<!-- This site is optimized with the Yoast SEO plugin v27.5 - https:\/\/yoast.com\/product\/yoast-seo-wordpress\/ -->\n<title>Journ\u00e9e mondiale des r\u00e9fugi\u00e9s - Cemondeblog<\/title>\n<meta name=\"robots\" content=\"index, follow, max-snippet:-1, max-image-preview:large, max-video-preview:-1\" \/>\n<link rel=\"canonical\" href=\"https:\/\/asimon.eu\/blog\/blog\/journee-mondiale-des-refugies\/\" \/>\n<meta property=\"og:locale\" content=\"fr_FR\" \/>\n<meta property=\"og:type\" content=\"article\" \/>\n<meta property=\"og:title\" content=\"Journ\u00e9e mondiale des r\u00e9fugi\u00e9s - Cemondeblog\" \/>\n<meta property=\"og:description\" content=\"\u00c0 l&rsquo;occasion de la journ\u00e9e mondiale des r\u00e9fugi\u00e9s du 20 juin, j&rsquo;ai rassembl\u00e9 ceux de mes po\u00e8mes qu&rsquo;ils ont inspir\u00e9s, et que je leur d\u00e9die.&hellip;\" \/>\n<meta property=\"og:url\" content=\"https:\/\/asimon.eu\/blog\/blog\/journee-mondiale-des-refugies\/\" \/>\n<meta property=\"og:site_name\" content=\"Cemondeblog\" \/>\n<meta property=\"article:published_time\" content=\"2026-02-19T12:58:13+00:00\" \/>\n<meta property=\"og:image\" content=\"https:\/\/asimon.eu\/blog\/wp-content\/uploads\/2017\/04\/migration.jpg\" \/>\n\t<meta property=\"og:image:width\" content=\"474\" \/>\n\t<meta property=\"og:image:height\" content=\"500\" \/>\n\t<meta property=\"og:image:type\" content=\"image\/jpeg\" \/>\n<meta name=\"author\" content=\"Andr\u00e9\" \/>\n<meta name=\"twitter:card\" content=\"summary_large_image\" \/>\n<meta name=\"twitter:creator\" content=\"@olrik16\" \/>\n<meta name=\"twitter:site\" content=\"@olrik16\" \/>\n<meta name=\"twitter:label1\" content=\"\u00c9crit par\" \/>\n\t<meta name=\"twitter:data1\" content=\"Andr\u00e9\" \/>\n\t<meta name=\"twitter:label2\" content=\"Dur\u00e9e de lecture estim\u00e9e\" \/>\n\t<meta name=\"twitter:data2\" content=\"1 minute\" \/>\n<script type=\"application\/ld+json\" class=\"yoast-schema-graph\">{\"@context\":\"https:\\\/\\\/schema.org\",\"@graph\":[{\"@type\":\"Article\",\"@id\":\"https:\\\/\\\/asimon.eu\\\/blog\\\/blog\\\/journee-mondiale-des-refugies\\\/#article\",\"isPartOf\":{\"@id\":\"https:\\\/\\\/asimon.eu\\\/blog\\\/blog\\\/journee-mondiale-des-refugies\\\/\"},\"author\":{\"name\":\"Andr\u00e9\",\"@id\":\"https:\\\/\\\/asimon.eu\\\/blog\\\/#\\\/schema\\\/person\\\/4aef5843155766a51be733fbdace4241\"},\"headline\":\"Journ\u00e9e mondiale des r\u00e9fugi\u00e9s\",\"datePublished\":\"2026-02-19T12:58:13+00:00\",\"mainEntityOfPage\":{\"@id\":\"https:\\\/\\\/asimon.eu\\\/blog\\\/blog\\\/journee-mondiale-des-refugies\\\/\"},\"wordCount\":49,\"commentCount\":0,\"publisher\":{\"@id\":\"https:\\\/\\\/asimon.eu\\\/blog\\\/#\\\/schema\\\/person\\\/4aef5843155766a51be733fbdace4241\"},\"image\":{\"@id\":\"https:\\\/\\\/asimon.eu\\\/blog\\\/blog\\\/journee-mondiale-des-refugies\\\/#primaryimage\"},\"thumbnailUrl\":\"https:\\\/\\\/i0.wp.com\\\/asimon.eu\\\/blog\\\/wp-content\\\/uploads\\\/2017\\\/04\\\/migration.jpg?fit=474%2C500&ssl=1\",\"keywords\":[\"Migration\",\"R\u00e9fugi\u00e9s\"],\"articleSection\":[\"Blog\"],\"inLanguage\":\"fr-FR\",\"potentialAction\":[{\"@type\":\"CommentAction\",\"name\":\"Comment\",\"target\":[\"https:\\\/\\\/asimon.eu\\\/blog\\\/blog\\\/journee-mondiale-des-refugies\\\/#respond\"]}]},{\"@type\":\"WebPage\",\"@id\":\"https:\\\/\\\/asimon.eu\\\/blog\\\/blog\\\/journee-mondiale-des-refugies\\\/\",\"url\":\"https:\\\/\\\/asimon.eu\\\/blog\\\/blog\\\/journee-mondiale-des-refugies\\\/\",\"name\":\"Journ\u00e9e mondiale des r\u00e9fugi\u00e9s - Cemondeblog\",\"isPartOf\":{\"@id\":\"https:\\\/\\\/asimon.eu\\\/blog\\\/#website\"},\"primaryImageOfPage\":{\"@id\":\"https:\\\/\\\/asimon.eu\\\/blog\\\/blog\\\/journee-mondiale-des-refugies\\\/#primaryimage\"},\"image\":{\"@id\":\"https:\\\/\\\/asimon.eu\\\/blog\\\/blog\\\/journee-mondiale-des-refugies\\\/#primaryimage\"},\"thumbnailUrl\":\"https:\\\/\\\/i0.wp.com\\\/asimon.eu\\\/blog\\\/wp-content\\\/uploads\\\/2017\\\/04\\\/migration.jpg?fit=474%2C500&ssl=1\",\"datePublished\":\"2026-02-19T12:58:13+00:00\",\"breadcrumb\":{\"@id\":\"https:\\\/\\\/asimon.eu\\\/blog\\\/blog\\\/journee-mondiale-des-refugies\\\/#breadcrumb\"},\"inLanguage\":\"fr-FR\",\"potentialAction\":[{\"@type\":\"ReadAction\",\"target\":[\"https:\\\/\\\/asimon.eu\\\/blog\\\/blog\\\/journee-mondiale-des-refugies\\\/\"]}]},{\"@type\":\"ImageObject\",\"inLanguage\":\"fr-FR\",\"@id\":\"https:\\\/\\\/asimon.eu\\\/blog\\\/blog\\\/journee-mondiale-des-refugies\\\/#primaryimage\",\"url\":\"https:\\\/\\\/i0.wp.com\\\/asimon.eu\\\/blog\\\/wp-content\\\/uploads\\\/2017\\\/04\\\/migration.jpg?fit=474%2C500&ssl=1\",\"contentUrl\":\"https:\\\/\\\/i0.wp.com\\\/asimon.eu\\\/blog\\\/wp-content\\\/uploads\\\/2017\\\/04\\\/migration.jpg?fit=474%2C500&ssl=1\",\"width\":474,\"height\":500},{\"@type\":\"BreadcrumbList\",\"@id\":\"https:\\\/\\\/asimon.eu\\\/blog\\\/blog\\\/journee-mondiale-des-refugies\\\/#breadcrumb\",\"itemListElement\":[{\"@type\":\"ListItem\",\"position\":1,\"name\":\"Accueil\",\"item\":\"https:\\\/\\\/asimon.eu\\\/blog\\\/\"},{\"@type\":\"ListItem\",\"position\":2,\"name\":\"Non class\u00e9\",\"item\":\"https:\\\/\\\/asimon.eu\\\/blog\\\/category\\\/non-classe\\\/\"},{\"@type\":\"ListItem\",\"position\":3,\"name\":\"Journ\u00e9e mondiale des r\u00e9fugi\u00e9s\"}]},{\"@type\":\"WebSite\",\"@id\":\"https:\\\/\\\/asimon.eu\\\/blog\\\/#website\",\"url\":\"https:\\\/\\\/asimon.eu\\\/blog\\\/\",\"name\":\"Cemondeblog\",\"description\":\"Ce monde o\u00f9 je vis, o\u00f9 nous vivons.\",\"publisher\":{\"@id\":\"https:\\\/\\\/asimon.eu\\\/blog\\\/#\\\/schema\\\/person\\\/4aef5843155766a51be733fbdace4241\"},\"potentialAction\":[{\"@type\":\"SearchAction\",\"target\":{\"@type\":\"EntryPoint\",\"urlTemplate\":\"https:\\\/\\\/asimon.eu\\\/blog\\\/?s={search_term_string}\"},\"query-input\":{\"@type\":\"PropertyValueSpecification\",\"valueRequired\":true,\"valueName\":\"search_term_string\"}}],\"inLanguage\":\"fr-FR\"},{\"@type\":[\"Person\",\"Organization\"],\"@id\":\"https:\\\/\\\/asimon.eu\\\/blog\\\/#\\\/schema\\\/person\\\/4aef5843155766a51be733fbdace4241\",\"name\":\"Andr\u00e9\",\"image\":{\"@type\":\"ImageObject\",\"inLanguage\":\"fr-FR\",\"@id\":\"https:\\\/\\\/i0.wp.com\\\/asimon.eu\\\/blog\\\/wp-content\\\/uploads\\\/2019\\\/12\\\/cropped-rancheria-14.png?fit=1597%2C422&ssl=1\",\"url\":\"https:\\\/\\\/i0.wp.com\\\/asimon.eu\\\/blog\\\/wp-content\\\/uploads\\\/2019\\\/12\\\/cropped-rancheria-14.png?fit=1597%2C422&ssl=1\",\"contentUrl\":\"https:\\\/\\\/i0.wp.com\\\/asimon.eu\\\/blog\\\/wp-content\\\/uploads\\\/2019\\\/12\\\/cropped-rancheria-14.png?fit=1597%2C422&ssl=1\",\"width\":1597,\"height\":422,\"caption\":\"Andr\u00e9\"},\"logo\":{\"@id\":\"https:\\\/\\\/i0.wp.com\\\/asimon.eu\\\/blog\\\/wp-content\\\/uploads\\\/2019\\\/12\\\/cropped-rancheria-14.png?fit=1597%2C422&ssl=1\"},\"description\":\"Et la vie va ...\",\"sameAs\":[\"https:\\\/\\\/asimon.eu\"]}]}<\/script>\n<!-- \/ Yoast SEO plugin. -->","yoast_head_json":{"title":"Journ\u00e9e mondiale des r\u00e9fugi\u00e9s - Cemondeblog","robots":{"index":"index","follow":"follow","max-snippet":"max-snippet:-1","max-image-preview":"max-image-preview:large","max-video-preview":"max-video-preview:-1"},"canonical":"https:\/\/asimon.eu\/blog\/blog\/journee-mondiale-des-refugies\/","og_locale":"fr_FR","og_type":"article","og_title":"Journ\u00e9e mondiale des r\u00e9fugi\u00e9s - Cemondeblog","og_description":"\u00c0 l&rsquo;occasion de la journ\u00e9e mondiale des r\u00e9fugi\u00e9s du 20 juin, j&rsquo;ai rassembl\u00e9 ceux de mes po\u00e8mes qu&rsquo;ils ont inspir\u00e9s, et que je leur d\u00e9die.&hellip;","og_url":"https:\/\/asimon.eu\/blog\/blog\/journee-mondiale-des-refugies\/","og_site_name":"Cemondeblog","article_published_time":"2026-02-19T12:58:13+00:00","og_image":[{"width":474,"height":500,"url":"https:\/\/asimon.eu\/blog\/wp-content\/uploads\/2017\/04\/migration.jpg","type":"image\/jpeg"}],"author":"Andr\u00e9","twitter_card":"summary_large_image","twitter_creator":"@olrik16","twitter_site":"@olrik16","twitter_misc":{"\u00c9crit par":"Andr\u00e9","Dur\u00e9e de lecture estim\u00e9e":"1 minute"},"schema":{"@context":"https:\/\/schema.org","@graph":[{"@type":"Article","@id":"https:\/\/asimon.eu\/blog\/blog\/journee-mondiale-des-refugies\/#article","isPartOf":{"@id":"https:\/\/asimon.eu\/blog\/blog\/journee-mondiale-des-refugies\/"},"author":{"name":"Andr\u00e9","@id":"https:\/\/asimon.eu\/blog\/#\/schema\/person\/4aef5843155766a51be733fbdace4241"},"headline":"Journ\u00e9e mondiale des r\u00e9fugi\u00e9s","datePublished":"2026-02-19T12:58:13+00:00","mainEntityOfPage":{"@id":"https:\/\/asimon.eu\/blog\/blog\/journee-mondiale-des-refugies\/"},"wordCount":49,"commentCount":0,"publisher":{"@id":"https:\/\/asimon.eu\/blog\/#\/schema\/person\/4aef5843155766a51be733fbdace4241"},"image":{"@id":"https:\/\/asimon.eu\/blog\/blog\/journee-mondiale-des-refugies\/#primaryimage"},"thumbnailUrl":"https:\/\/i0.wp.com\/asimon.eu\/blog\/wp-content\/uploads\/2017\/04\/migration.jpg?fit=474%2C500&ssl=1","keywords":["Migration","R\u00e9fugi\u00e9s"],"articleSection":["Blog"],"inLanguage":"fr-FR","potentialAction":[{"@type":"CommentAction","name":"Comment","target":["https:\/\/asimon.eu\/blog\/blog\/journee-mondiale-des-refugies\/#respond"]}]},{"@type":"WebPage","@id":"https:\/\/asimon.eu\/blog\/blog\/journee-mondiale-des-refugies\/","url":"https:\/\/asimon.eu\/blog\/blog\/journee-mondiale-des-refugies\/","name":"Journ\u00e9e mondiale des r\u00e9fugi\u00e9s - Cemondeblog","isPartOf":{"@id":"https:\/\/asimon.eu\/blog\/#website"},"primaryImageOfPage":{"@id":"https:\/\/asimon.eu\/blog\/blog\/journee-mondiale-des-refugies\/#primaryimage"},"image":{"@id":"https:\/\/asimon.eu\/blog\/blog\/journee-mondiale-des-refugies\/#primaryimage"},"thumbnailUrl":"https:\/\/i0.wp.com\/asimon.eu\/blog\/wp-content\/uploads\/2017\/04\/migration.jpg?fit=474%2C500&ssl=1","datePublished":"2026-02-19T12:58:13+00:00","breadcrumb":{"@id":"https:\/\/asimon.eu\/blog\/blog\/journee-mondiale-des-refugies\/#breadcrumb"},"inLanguage":"fr-FR","potentialAction":[{"@type":"ReadAction","target":["https:\/\/asimon.eu\/blog\/blog\/journee-mondiale-des-refugies\/"]}]},{"@type":"ImageObject","inLanguage":"fr-FR","@id":"https:\/\/asimon.eu\/blog\/blog\/journee-mondiale-des-refugies\/#primaryimage","url":"https:\/\/i0.wp.com\/asimon.eu\/blog\/wp-content\/uploads\/2017\/04\/migration.jpg?fit=474%2C500&ssl=1","contentUrl":"https:\/\/i0.wp.com\/asimon.eu\/blog\/wp-content\/uploads\/2017\/04\/migration.jpg?fit=474%2C500&ssl=1","width":474,"height":500},{"@type":"BreadcrumbList","@id":"https:\/\/asimon.eu\/blog\/blog\/journee-mondiale-des-refugies\/#breadcrumb","itemListElement":[{"@type":"ListItem","position":1,"name":"Accueil","item":"https:\/\/asimon.eu\/blog\/"},{"@type":"ListItem","position":2,"name":"Non class\u00e9","item":"https:\/\/asimon.eu\/blog\/category\/non-classe\/"},{"@type":"ListItem","position":3,"name":"Journ\u00e9e mondiale des r\u00e9fugi\u00e9s"}]},{"@type":"WebSite","@id":"https:\/\/asimon.eu\/blog\/#website","url":"https:\/\/asimon.eu\/blog\/","name":"Cemondeblog","description":"Ce monde o\u00f9 je vis, o\u00f9 nous vivons.","publisher":{"@id":"https:\/\/asimon.eu\/blog\/#\/schema\/person\/4aef5843155766a51be733fbdace4241"},"potentialAction":[{"@type":"SearchAction","target":{"@type":"EntryPoint","urlTemplate":"https:\/\/asimon.eu\/blog\/?s={search_term_string}"},"query-input":{"@type":"PropertyValueSpecification","valueRequired":true,"valueName":"search_term_string"}}],"inLanguage":"fr-FR"},{"@type":["Person","Organization"],"@id":"https:\/\/asimon.eu\/blog\/#\/schema\/person\/4aef5843155766a51be733fbdace4241","name":"Andr\u00e9","image":{"@type":"ImageObject","inLanguage":"fr-FR","@id":"https:\/\/i0.wp.com\/asimon.eu\/blog\/wp-content\/uploads\/2019\/12\/cropped-rancheria-14.png?fit=1597%2C422&ssl=1","url":"https:\/\/i0.wp.com\/asimon.eu\/blog\/wp-content\/uploads\/2019\/12\/cropped-rancheria-14.png?fit=1597%2C422&ssl=1","contentUrl":"https:\/\/i0.wp.com\/asimon.eu\/blog\/wp-content\/uploads\/2019\/12\/cropped-rancheria-14.png?fit=1597%2C422&ssl=1","width":1597,"height":422,"caption":"Andr\u00e9"},"logo":{"@id":"https:\/\/i0.wp.com\/asimon.eu\/blog\/wp-content\/uploads\/2019\/12\/cropped-rancheria-14.png?fit=1597%2C422&ssl=1"},"description":"Et la vie va ...","sameAs":["https:\/\/asimon.eu"]}]}},"modified_by":"Andr\u00e9","jetpack_publicize_connections":[],"jetpack_featured_media_url":"https:\/\/i0.wp.com\/asimon.eu\/blog\/wp-content\/uploads\/2017\/04\/migration.jpg?fit=474%2C500&ssl=1","uagb_featured_image_src":{"full":["https:\/\/i0.wp.com\/asimon.eu\/blog\/wp-content\/uploads\/2017\/04\/migration.jpg?fit=474%2C500&ssl=1",474,500,false],"thumbnail":["https:\/\/i0.wp.com\/asimon.eu\/blog\/wp-content\/uploads\/2017\/04\/migration.jpg?resize=150%2C150&ssl=1",150,150,true],"medium":["https:\/\/i0.wp.com\/asimon.eu\/blog\/wp-content\/uploads\/2017\/04\/migration.jpg?fit=284%2C300&ssl=1",284,300,true],"medium_large":["https:\/\/i0.wp.com\/asimon.eu\/blog\/wp-content\/uploads\/2017\/04\/migration.jpg?fit=768%2C810&ssl=1",768,810,true],"large":["https:\/\/i0.wp.com\/asimon.eu\/blog\/wp-content\/uploads\/2017\/04\/migration.jpg?fit=843%2C890&ssl=1",843,890,true],"gs-tiny":["https:\/\/i0.wp.com\/asimon.eu\/blog\/wp-content\/uploads\/2017\/04\/migration.jpg?fit=50%2C53&ssl=1",50,53,true],"xl":["https:\/\/i0.wp.com\/asimon.eu\/blog\/wp-content\/uploads\/2017\/04\/migration.jpg?fit=474%2C500&ssl=1",474,500,true],"xxl":["https:\/\/i0.wp.com\/asimon.eu\/blog\/wp-content\/uploads\/2017\/04\/migration.jpg?fit=474%2C500&ssl=1",474,500,true],"xxxl":["https:\/\/i0.wp.com\/asimon.eu\/blog\/wp-content\/uploads\/2017\/04\/migration.jpg?fit=474%2C500&ssl=1",474,500,true],"xxxxl":["https:\/\/i0.wp.com\/asimon.eu\/blog\/wp-content\/uploads\/2017\/04\/migration.jpg?fit=474%2C500&ssl=1",474,500,true],"xxxxxl":["https:\/\/i0.wp.com\/asimon.eu\/blog\/wp-content\/uploads\/2017\/04\/migration.jpg?fit=474%2C500&ssl=1",474,500,true],"1536x1536":["https:\/\/i0.wp.com\/asimon.eu\/blog\/wp-content\/uploads\/2017\/04\/migration.jpg?fit=474%2C500&ssl=1",474,500,true],"2048x2048":["https:\/\/i0.wp.com\/asimon.eu\/blog\/wp-content\/uploads\/2017\/04\/migration.jpg?fit=474%2C500&ssl=1",474,500,true],"mailpoet_newsletter_max":["https:\/\/i0.wp.com\/asimon.eu\/blog\/wp-content\/uploads\/2017\/04\/migration.jpg?fit=474%2C500&ssl=1",474,500,true]},"uagb_author_info":{"display_name":"Andr\u00e9","author_link":"https:\/\/asimon.eu\/blog\/author\/andre\/"},"uagb_comment_info":1,"uagb_excerpt":"\u00c0 l&rsquo;occasion de la journ\u00e9e mondiale des r\u00e9fugi\u00e9s du 20 juin, j&rsquo;ai rassembl\u00e9 ceux de mes po\u00e8mes qu&rsquo;ils ont inspir\u00e9s, et que je leur d\u00e9die.&hellip;","jetpack-related-posts":[{"id":274249,"url":"https:\/\/asimon.eu\/blog\/poemes\/radeau-ivre\/","url_meta":{"origin":476221,"position":0},"title":"Radeau ivre.","author":"Andr\u00e9","date":"29 juin 2025","format":false,"excerpt":"O\u00f9 va le sang qui coule?","rel":"","context":"Dans &quot;Blog&quot;","block_context":{"text":"Blog","link":"https:\/\/asimon.eu\/blog\/category\/blog\/"},"img":{"alt_text":"radeau ivre","src":"https:\/\/i0.wp.com\/asimon.eu\/blog\/wp-content\/uploads\/2018\/12\/zombie.png?fit=800%2C400&ssl=1&resize=350%2C200","width":350,"height":200,"srcset":"https:\/\/i0.wp.com\/asimon.eu\/blog\/wp-content\/uploads\/2018\/12\/zombie.png?fit=800%2C400&ssl=1&resize=350%2C200 1x, https:\/\/i0.wp.com\/asimon.eu\/blog\/wp-content\/uploads\/2018\/12\/zombie.png?fit=800%2C400&ssl=1&resize=525%2C300 1.5x, https:\/\/i0.wp.com\/asimon.eu\/blog\/wp-content\/uploads\/2018\/12\/zombie.png?fit=800%2C400&ssl=1&resize=700%2C400 2x"},"classes":[]},{"id":481479,"url":"https:\/\/asimon.eu\/blog\/poemes\/regard\/","url_meta":{"origin":476221,"position":1},"title":"Regard.","author":"Andr\u00e9","date":"3 janvier 2024","format":false,"excerpt":"La porte close d'un regard vide ...","rel":"","context":"Dans &quot;Blog&quot;","block_context":{"text":"Blog","link":"https:\/\/asimon.eu\/blog\/category\/blog\/"},"img":{"alt_text":"","src":"https:\/\/i0.wp.com\/asimon.eu\/blog\/wp-content\/uploads\/2022\/04\/fleurs_bleu_jaune.jpg?fit=600%2C800&ssl=1&resize=350%2C200","width":350,"height":200,"srcset":"https:\/\/i0.wp.com\/asimon.eu\/blog\/wp-content\/uploads\/2022\/04\/fleurs_bleu_jaune.jpg?fit=600%2C800&ssl=1&resize=350%2C200 1x, https:\/\/i0.wp.com\/asimon.eu\/blog\/wp-content\/uploads\/2022\/04\/fleurs_bleu_jaune.jpg?fit=600%2C800&ssl=1&resize=525%2C300 1.5x"},"classes":[]},{"id":472862,"url":"https:\/\/asimon.eu\/blog\/poemes\/un-gout-de-fiel\/","url_meta":{"origin":476221,"position":2},"title":"Un go\u00fbt de fiel.","author":"Andr\u00e9","date":"27 ao\u00fbt 2025","format":false,"excerpt":"Ici, les grilles se ferment, l\u00e0 on bouche les puits ...","rel":"","context":"Dans &quot;Blog&quot;","block_context":{"text":"Blog","link":"https:\/\/asimon.eu\/blog\/category\/blog\/"},"img":{"alt_text":"","src":"https:\/\/i0.wp.com\/asimon.eu\/blog\/wp-content\/uploads\/2019\/07\/grille.png?fit=1200%2C675&ssl=1&resize=350%2C200","width":350,"height":200,"srcset":"https:\/\/i0.wp.com\/asimon.eu\/blog\/wp-content\/uploads\/2019\/07\/grille.png?fit=1200%2C675&ssl=1&resize=350%2C200 1x, https:\/\/i0.wp.com\/asimon.eu\/blog\/wp-content\/uploads\/2019\/07\/grille.png?fit=1200%2C675&ssl=1&resize=525%2C300 1.5x, https:\/\/i0.wp.com\/asimon.eu\/blog\/wp-content\/uploads\/2019\/07\/grille.png?fit=1200%2C675&ssl=1&resize=700%2C400 2x, https:\/\/i0.wp.com\/asimon.eu\/blog\/wp-content\/uploads\/2019\/07\/grille.png?fit=1200%2C675&ssl=1&resize=1050%2C600 3x"},"classes":[]},{"id":479034,"url":"https:\/\/asimon.eu\/blog\/poemes\/ceux-qui-fuient\/","url_meta":{"origin":476221,"position":3},"title":"Ceux qui fuient.","author":"Andr\u00e9","date":"29 octobre 2024","format":false,"excerpt":"Ceux qui fuient savent-ils que le monde autour d'eux n'est qu'une lande hostile ... ?","rel":"","context":"Dans &quot;Blog&quot;","block_context":{"text":"Blog","link":"https:\/\/asimon.eu\/blog\/category\/blog\/"},"img":{"alt_text":"","src":"https:\/\/i0.wp.com\/asimon.eu\/blog\/wp-content\/uploads\/2021\/08\/marche.jpg?fit=600%2C800&ssl=1&resize=350%2C200","width":350,"height":200,"srcset":"https:\/\/i0.wp.com\/asimon.eu\/blog\/wp-content\/uploads\/2021\/08\/marche.jpg?fit=600%2C800&ssl=1&resize=350%2C200 1x, https:\/\/i0.wp.com\/asimon.eu\/blog\/wp-content\/uploads\/2021\/08\/marche.jpg?fit=600%2C800&ssl=1&resize=525%2C300 1.5x"},"classes":[]},{"id":482023,"url":"https:\/\/asimon.eu\/blog\/poemes\/orage-2\/","url_meta":{"origin":476221,"position":4},"title":"Orage.","author":"Andr\u00e9","date":"28 mars 2024","format":false,"excerpt":"La plainte aigu\u00eb d'un long vent d'Est ...","rel":"","context":"Dans &quot;Blog&quot;","block_context":{"text":"Blog","link":"https:\/\/asimon.eu\/blog\/category\/blog\/"},"img":{"alt_text":"","src":"https:\/\/i0.wp.com\/asimon.eu\/blog\/wp-content\/uploads\/2022\/05\/tulipes_muscari.jpg?fit=800%2C600&ssl=1&resize=350%2C200","width":350,"height":200,"srcset":"https:\/\/i0.wp.com\/asimon.eu\/blog\/wp-content\/uploads\/2022\/05\/tulipes_muscari.jpg?fit=800%2C600&ssl=1&resize=350%2C200 1x, https:\/\/i0.wp.com\/asimon.eu\/blog\/wp-content\/uploads\/2022\/05\/tulipes_muscari.jpg?fit=800%2C600&ssl=1&resize=525%2C300 1.5x, https:\/\/i0.wp.com\/asimon.eu\/blog\/wp-content\/uploads\/2022\/05\/tulipes_muscari.jpg?fit=800%2C600&ssl=1&resize=700%2C400 2x"},"classes":[]},{"id":481298,"url":"https:\/\/asimon.eu\/blog\/poemes\/femmes-fortes\/","url_meta":{"origin":476221,"position":5},"title":"Femmes fortes.","author":"Andr\u00e9","date":"9 d\u00e9cembre 2023","format":false,"excerpt":"Leur boussole n'est qu'un carton jaune et bleu sur un quai de gare.","rel":"","context":"Dans &quot;Blog&quot;","block_context":{"text":"Blog","link":"https:\/\/asimon.eu\/blog\/category\/blog\/"},"img":{"alt_text":"","src":"https:\/\/i0.wp.com\/asimon.eu\/blog\/wp-content\/uploads\/2022\/03\/drapeaux_Ukraine.jpg?fit=600%2C800&ssl=1&resize=350%2C200","width":350,"height":200,"srcset":"https:\/\/i0.wp.com\/asimon.eu\/blog\/wp-content\/uploads\/2022\/03\/drapeaux_Ukraine.jpg?fit=600%2C800&ssl=1&resize=350%2C200 1x, https:\/\/i0.wp.com\/asimon.eu\/blog\/wp-content\/uploads\/2022\/03\/drapeaux_Ukraine.jpg?fit=600%2C800&ssl=1&resize=525%2C300 1.5x"},"classes":[]}],"jetpack_shortlink":"https:\/\/wp.me\/p9rk1P-1ZSZ","jetpack_sharing_enabled":true,"jetpack_likes_enabled":true,"_links":{"self":[{"href":"https:\/\/asimon.eu\/blog\/wp-json\/wp\/v2\/posts\/476221","targetHints":{"allow":["GET"]}}],"collection":[{"href":"https:\/\/asimon.eu\/blog\/wp-json\/wp\/v2\/posts"}],"about":[{"href":"https:\/\/asimon.eu\/blog\/wp-json\/wp\/v2\/types\/post"}],"author":[{"embeddable":true,"href":"https:\/\/asimon.eu\/blog\/wp-json\/wp\/v2\/users\/1"}],"replies":[{"embeddable":true,"href":"https:\/\/asimon.eu\/blog\/wp-json\/wp\/v2\/comments?post=476221"}],"version-history":[{"count":11,"href":"https:\/\/asimon.eu\/blog\/wp-json\/wp\/v2\/posts\/476221\/revisions"}],"predecessor-version":[{"id":485602,"href":"https:\/\/asimon.eu\/blog\/wp-json\/wp\/v2\/posts\/476221\/revisions\/485602"}],"wp:featuredmedia":[{"embeddable":true,"href":"https:\/\/asimon.eu\/blog\/wp-json\/wp\/v2\/media\/14232"}],"wp:attachment":[{"href":"https:\/\/asimon.eu\/blog\/wp-json\/wp\/v2\/media?parent=476221"}],"wp:term":[{"taxonomy":"category","embeddable":true,"href":"https:\/\/asimon.eu\/blog\/wp-json\/wp\/v2\/categories?post=476221"},{"taxonomy":"post_tag","embeddable":true,"href":"https:\/\/asimon.eu\/blog\/wp-json\/wp\/v2\/tags?post=476221"}],"curies":[{"name":"wp","href":"https:\/\/api.w.org\/{rel}","templated":true}]}}